
{"id":249,"date":"2007-06-20T08:00:54","date_gmt":"2007-06-20T06:00:54","guid":{"rendered":"http:\/\/adamczewski.blog.polityka.pl\/?p=249"},"modified":"2007-06-20T08:46:54","modified_gmt":"2007-06-20T06:46:54","slug":"zgadnij-co-gotujemy45","status":"publish","type":"post","link":"https:\/\/blog.polityka.pl\/adamczewski\/2007\/06\/20\/zgadnij-co-gotujemy45\/","title":{"rendered":"Zgadnij co gotujemy?(45)"},"content":{"rendered":"<p>Tym razem nie sprawi\u0119 k\u0142opot\u00f3w i adres na kt\u00f3ry nale\u017cy wysy\u0142a\u0107 odpowiedzi podam bezb\u0142\u0119dnie. Oto on: <a href=\"mailto:internet@polityka.com.pl\">internet@polityka.com.pl<\/a>\u00a0 Kto pierwszy przy\u015ble prawid\u0142owe odpowiedzi na wszystkie trzy pytania ten otrzyma moj\u0105 ksi\u0105\u017ck\u0119 wydan\u0105 przez Nowy \u015awiat a zatytu\u0142owan\u0105 &#8222;Rok na stole&#8221;. Nie zapomn\u0119 te\u017c o autografie i stosownej dedykacji. No to rozpoczynamy zabaw\u0119:<\/p>\n<p>1. Jak i z czego robiona jest bryndza &#8211; podhala\u0144ski ser, kt\u00f3ry triumfalnie wkroczy\u0142 do Europy?<br \/>\n2. Co to za ptak zwany kur\u0105 cesarsk\u0105 lub panterk\u0105?<br \/>\n3. Podgorza\u0142ka to podrz\u0119dny gatunek w\u00f3dki czy mo\u017ce co innego?<br \/>\nI tyle pyta\u0144 na dzi\u015b. Czekam na odpowiedzi i wzywam listonosza. A blogowicz\u00f3w z Pi\u0142y i okolic zapraszam na spotkanie w Salonie Polityki, kt\u00f3re odb\u0119dzie si\u0119 dzisiaj o godz. 18 w\u00a0 sali europejskiej Hotelu Gromada. B\u0119dziemy z Barbar\u0105 spiera\u0107 si\u0119 o to, kt\u00f3ra kuchnia jest lepsza: polska czy w\u0142oska.<\/p>\n","protected":false},"excerpt":{"rendered":"<p>Tym razem nie sprawi\u0119 k\u0142opot\u00f3w i adres na kt\u00f3ry nale\u017cy wysy\u0142a\u0107 odpowiedzi podam bezb\u0142\u0119dnie. Oto on: internet@polityka.com.pl\u00a0 Kto pierwszy przy\u015ble prawid\u0142owe odpowiedzi na wszystkie trzy pytania ten otrzyma moj\u0105 ksi\u0105\u017ck\u0119 wydan\u0105 przez Nowy \u015awiat a zatytu\u0142owan\u0105 &#8222;Rok na stole&#8221;. Nie zapomn\u0119 te\u017c o autografie i stosownej dedykacji. No to rozpoczynamy zabaw\u0119: 1. Jak i z [&hellip;]<\/p>\n","protected":false},"author":2,"featured_media":0,"comment_status":"open","ping_status":"open","sticky":false,"template":"","format":"standard","meta":{"footnotes":""},"categories":[1],"tags":[],"_links":{"self":[{"href":"https:\/\/blog.polityka.pl\/adamczewski\/wp-json\/wp\/v2\/posts\/249"}],"collection":[{"href":"https:\/\/blog.polityka.pl\/adamczewski\/wp-json\/wp\/v2\/posts"}],"about":[{"href":"https:\/\/blog.polityka.pl\/adamczewski\/wp-json\/wp\/v2\/types\/post"}],"author":[{"embeddable":true,"href":"https:\/\/blog.polityka.pl\/adamczewski\/wp-json\/wp\/v2\/users\/2"}],"replies":[{"embeddable":true,"href":"https:\/\/blog.polityka.pl\/adamczewski\/wp-json\/wp\/v2\/comments?post=249"}],"version-history":[{"count":0,"href":"https:\/\/blog.polityka.pl\/adamczewski\/wp-json\/wp\/v2\/posts\/249\/revisions"}],"wp:attachment":[{"href":"https:\/\/blog.polityka.pl\/adamczewski\/wp-json\/wp\/v2\/media?parent=249"}],"wp:term":[{"taxonomy":"category","embeddable":true,"href":"https:\/\/blog.polityka.pl\/adamczewski\/wp-json\/wp\/v2\/categories?post=249"},{"taxonomy":"post_tag","embeddable":true,"href":"https:\/\/blog.polityka.pl\/adamczewski\/wp-json\/wp\/v2\/tags?post=249"}],"curies":[{"name":"wp","href":"https:\/\/api.w.org\/{rel}","templated":true}]}}