
{"id":252,"date":"2007-06-21T10:24:53","date_gmt":"2007-06-21T08:24:53","guid":{"rendered":"http:\/\/adamczewski.blog.polityka.pl\/?p=252"},"modified":"2007-07-17T13:55:37","modified_gmt":"2007-07-17T11:55:37","slug":"piotr-adamczewski-zaprasza-na-wiejskie-sniadanie","status":"publish","type":"post","link":"https:\/\/blog.polityka.pl\/adamczewski\/2007\/06\/21\/piotr-adamczewski-zaprasza-na-wiejskie-sniadanie\/","title":{"rendered":"Piotr Adamczewski zaprasza na wiejskie \u015bniadanie"},"content":{"rendered":"<p>W tym odcinku Piotr Adamczewski przygotowuje w swoim domu na wsi pyszn\u0105 jajecznic\u0119 z kurkami.<br \/>\n<object width=\"425\" height=\"350\"><param name=\"movie\" value=\"http:\/\/www.youtube.com\/v\/4iBgv8lCjo4\"><\/param><param name=\"wmode\" value=\"transparent\"><\/param><embed src=\"http:\/\/www.youtube.com\/v\/4iBgv8lCjo4\" type=\"application\/x-shockwave-flash\" wmode=\"transparent\" width=\"425\" height=\"350\"><\/embed><\/object><\/p>\n","protected":false},"excerpt":{"rendered":"<p>W tym odcinku Piotr Adamczewski przygotowuje w swoim domu na wsi pyszn\u0105 jajecznic\u0119 z kurkami.<\/p>\n","protected":false},"author":2,"featured_media":0,"comment_status":"open","ping_status":"open","sticky":false,"template":"","format":"standard","meta":{"footnotes":""},"categories":[1],"tags":[],"_links":{"self":[{"href":"https:\/\/blog.polityka.pl\/adamczewski\/wp-json\/wp\/v2\/posts\/252"}],"collection":[{"href":"https:\/\/blog.polityka.pl\/adamczewski\/wp-json\/wp\/v2\/posts"}],"about":[{"href":"https:\/\/blog.polityka.pl\/adamczewski\/wp-json\/wp\/v2\/types\/post"}],"author":[{"embeddable":true,"href":"https:\/\/blog.polityka.pl\/adamczewski\/wp-json\/wp\/v2\/users\/2"}],"replies":[{"embeddable":true,"href":"https:\/\/blog.polityka.pl\/adamczewski\/wp-json\/wp\/v2\/comments?post=252"}],"version-history":[{"count":0,"href":"https:\/\/blog.polityka.pl\/adamczewski\/wp-json\/wp\/v2\/posts\/252\/revisions"}],"wp:attachment":[{"href":"https:\/\/blog.polityka.pl\/adamczewski\/wp-json\/wp\/v2\/media?parent=252"}],"wp:term":[{"taxonomy":"category","embeddable":true,"href":"https:\/\/blog.polityka.pl\/adamczewski\/wp-json\/wp\/v2\/categories?post=252"},{"taxonomy":"post_tag","embeddable":true,"href":"https:\/\/blog.polityka.pl\/adamczewski\/wp-json\/wp\/v2\/tags?post=252"}],"curies":[{"name":"wp","href":"https:\/\/api.w.org\/{rel}","templated":true}]}}