
{"id":2522,"date":"2011-05-11T08:00:43","date_gmt":"2011-05-11T06:00:43","guid":{"rendered":"http:\/\/adamczewski.blog.polityka.pl\/?p=2522"},"modified":"2011-11-30T15:18:23","modified_gmt":"2011-11-30T14:18:23","slug":"zgadnij-co-gotujemy-66","status":"publish","type":"post","link":"https:\/\/blog.polityka.pl\/adamczewski\/2011\/05\/11\/zgadnij-co-gotujemy-66\/","title":{"rendered":"Zgadnij co gotujemy?"},"content":{"rendered":"<p><strong> <\/strong><\/p>\n<p><a href=\"\/wp-content\/uploads\/2011\/05\/Dilmah.jpg\"><img loading=\"lazy\" decoding=\"async\" class=\"aligncenter size-medium wp-image-2523\" title=\"OLYMPUS DIGITAL CAMERA\" src=\"\/wp-content\/uploads\/2011\/05\/Dilmah-225x300.jpg\" alt=\"\" width=\"225\" height=\"300\" srcset=\"\/adamczewski\/wp-content\/uploads\/2011\/05\/Dilmah-225x300.jpg 225w, \/adamczewski\/wp-content\/uploads\/2011\/05\/Dilmah.jpg 360w\" sizes=\"(max-width: 225px) 100vw, 225px\" \/><\/a><\/p>\n<p>Ponownie nagrod\u0105 \u00a0\u00a0\u00a0b\u0119dzie ksi\u0105\u017cka o herbacie, kt\u00f3r\u0105 mo\u017cecie zobaczy\u0107 na zdj\u0119ciu. Im d\u0142u\u017cej j\u0105 mam i czytam, tym bardziej j\u0105 doceniam. \u00a0Za jej wydaniem stoi najwybitniejszy znawca herbaty nie tylko w Polsce ale i w tej cz\u0119\u015bci Europy\u00a0&#8211; Tomasz Witomski.<\/p>\n<p>Zach\u0119cam\u00a0 mi\u0142o\u015bnik\u00f3w herbaty do roboty! Tym razem pytania nie b\u0119d\u0105 tak trudne jak poprzednio.<\/p>\n<p>1\u00a0&#8211; Herbata na Cejlon (dzi\u015b Sri Lanka) trafi\u0142a po kl\u0119sce plantator\u00f3w uprawiaj\u0105cych zupe\u0142nie inn\u0105\u00a0 ro\u015blin\u0119; a jak\u0105?<\/p>\n<p>2\u00a0&#8211; Kt\u00f3ra herbata zaparzana wielokrotnie zyskuje na smaku\u00a0&#8211; czarna, bia\u0142a\u00a0czy zielona?<\/p>\n<p>3\u00a0&#8211; Herbata ma sw\u00f3j udzia\u0142 w uzyskaniu niepodleg\u0142o\u015bci USA; o czym mowa?<\/p>\n<p>I teraz zapraszam wszystkich (halo, Chesel!) do komputer\u00f3w. Oto adres: <a href=\"mailto:internet@polityka.com.pl\">internet@polityka.com.pl<\/a><\/p>\n<p>Kto pierwszy przy\u015ble prawid\u0142owe trzy odpowiedzi ten otrzyma zapowiadan\u0105 nagrod\u0119.<\/p>\n","protected":false},"excerpt":{"rendered":"<p>Ponownie nagrod\u0105 \u00a0\u00a0\u00a0b\u0119dzie ksi\u0105\u017cka o herbacie, kt\u00f3r\u0105 mo\u017cecie zobaczy\u0107 na zdj\u0119ciu. Im d\u0142u\u017cej j\u0105 mam i czytam, tym bardziej j\u0105 doceniam. \u00a0Za jej wydaniem stoi najwybitniejszy znawca herbaty nie tylko w Polsce ale i w tej cz\u0119\u015bci Europy\u00a0&#8211; Tomasz Witomski. Zach\u0119cam\u00a0 mi\u0142o\u015bnik\u00f3w herbaty do roboty! Tym razem pytania nie b\u0119d\u0105 tak trudne jak poprzednio. 1\u00a0&#8211; [&hellip;]<\/p>\n","protected":false},"author":2,"featured_media":0,"comment_status":"open","ping_status":"open","sticky":false,"template":"","format":"standard","meta":{"footnotes":""},"categories":[1],"tags":[],"_links":{"self":[{"href":"https:\/\/blog.polityka.pl\/adamczewski\/wp-json\/wp\/v2\/posts\/2522"}],"collection":[{"href":"https:\/\/blog.polityka.pl\/adamczewski\/wp-json\/wp\/v2\/posts"}],"about":[{"href":"https:\/\/blog.polityka.pl\/adamczewski\/wp-json\/wp\/v2\/types\/post"}],"author":[{"embeddable":true,"href":"https:\/\/blog.polityka.pl\/adamczewski\/wp-json\/wp\/v2\/users\/2"}],"replies":[{"embeddable":true,"href":"https:\/\/blog.polityka.pl\/adamczewski\/wp-json\/wp\/v2\/comments?post=2522"}],"version-history":[{"count":5,"href":"https:\/\/blog.polityka.pl\/adamczewski\/wp-json\/wp\/v2\/posts\/2522\/revisions"}],"predecessor-version":[{"id":3538,"href":"https:\/\/blog.polityka.pl\/adamczewski\/wp-json\/wp\/v2\/posts\/2522\/revisions\/3538"}],"wp:attachment":[{"href":"https:\/\/blog.polityka.pl\/adamczewski\/wp-json\/wp\/v2\/media?parent=2522"}],"wp:term":[{"taxonomy":"category","embeddable":true,"href":"https:\/\/blog.polityka.pl\/adamczewski\/wp-json\/wp\/v2\/categories?post=2522"},{"taxonomy":"post_tag","embeddable":true,"href":"https:\/\/blog.polityka.pl\/adamczewski\/wp-json\/wp\/v2\/tags?post=2522"}],"curies":[{"name":"wp","href":"https:\/\/api.w.org\/{rel}","templated":true}]}}