
{"id":2528,"date":"2011-05-10T08:00:27","date_gmt":"2011-05-10T06:00:27","guid":{"rendered":"http:\/\/adamczewski.blog.polityka.pl\/?p=2528"},"modified":"2011-05-09T15:28:13","modified_gmt":"2011-05-09T13:28:13","slug":"cos-nowego","status":"publish","type":"post","link":"https:\/\/blog.polityka.pl\/adamczewski\/2011\/05\/10\/cos-nowego\/","title":{"rendered":"Co\u015b nowego"},"content":{"rendered":"<p><a href=\"\/wp-content\/uploads\/2011\/05\/Okladka.jpg\"><img loading=\"lazy\" decoding=\"async\" class=\"aligncenter size-medium wp-image-2536\" title=\"OLYMPUS DIGITAL CAMERA\" src=\"\/wp-content\/uploads\/2011\/05\/Okladka-225x300.jpg\" alt=\"\" width=\"225\" height=\"300\" srcset=\"\/adamczewski\/wp-content\/uploads\/2011\/05\/Okladka-225x300.jpg 225w, \/adamczewski\/wp-content\/uploads\/2011\/05\/Okladka.jpg 360w\" sizes=\"(max-width: 225px) 100vw, 225px\" \/><\/a><\/p>\n<p>Zaraz po warszawskich Targach Ksi\u0105\u017cki, raz lub mo\u017ce i dwa, wrzuc\u0119 nasz\u0105 nowa ksi\u0105\u017ck\u0119 &#8211;\u00a0 &#8222;Kuchnia w kawalerce i apartamencie&#8221;\u00a0&#8211; jako nagrod\u0119 quizow\u0105. Mam nadziej\u0119, \u017ce si\u0119 przyda tym, kt\u00f3rzy j\u0105 wygraj\u0105. A my ciekawi jeste\u015bmy Waszych uwag. Przy poprzednich ksi\u0105\u017ckach pilnie czytali\u015bmy je (i s\u0142uchali\u015bmy podczas spotka\u0144), by uwzgl\u0119dni\u0107 przy kolejnej pracy. Tak by\u0142o i tym razem.<\/p>\n<p>Nowa ksi\u0105\u017cka zawiera 400 przepis\u00f3w a tak\u017ce sporo tekstu. Radzimy jak urz\u0105dzi\u0107 kuchni\u0119, czym j\u0105 wyposa\u017cy\u0107, jak robi\u0107 zakupy i wype\u0142nia\u0107 nimi lod\u00f3wk\u0119, by nic si\u0119 nie marnowa\u0142o, jak urz\u0105dza\u0107 przyj\u0119cia oraz jakie wina dobiera\u0107 do r\u00f3\u017cnych da\u0144.<\/p>\n<p>Ksi\u0105\u017cka jest bez zdj\u0119\u0107, bo przekonano nas i\u017c fotografie, kt\u00f3re s\u0105 na og\u00f3\u0142 perfekcyjnie robione i\u00a0&#8211; prawd\u0119 m\u00f3wi\u0105c\u00a0&#8211; przez to nie prawdziwe, odstraszaj\u0105 cz\u0119\u015b\u0107 czytelnik\u00f3w. Widz\u0105c zdj\u0119cie prezentuj\u0105ce b\u0142yszcz\u0105ce i \u015bwiec\u0105ce kolorami t\u0119czy danie cz\u0119\u015b\u0107 kucharzy amator\u00f3w rezygnuje z kupna ksi\u0105\u017cki wiedz\u0105c, \u017ce takiego efektu nigdy nie osi\u0105gnie. To prawda! Ale i profesjonalni kucharze te\u017c nie.<\/p>\n<p>Zdj\u0119cia kulinarne s\u0105 podrasowywane w\u0142a\u015bnie po to, by mog\u0142y tak efektownie wygl\u0105da\u0107. Podobno ameryka\u0144scy wydawcy przechodz\u0105 na rysunki kulinarne. I to daje lepsze rezultaty sprzeda\u017cy.<\/p>\n<p>Idziemy wi\u0119c z nowymi trendami. Te\u017c zast\u0105pili\u015bmy fotografie rysunkami.<br \/>\nA jak to przyjm\u0105 czytelnicy zobaczymy ju\u017c w sobot\u0119 na Targach. B\u0119dziemy tam w sobot\u0119 14 maja przez trzy godziny w dw\u00f3ch miejscach: w firmie wydawniczej i dystrybucyjnej Olesiejuk oraz w Instytucie Wydawniczym Latarnik im. Zygmunta Ka\u0142u\u017cy\u0144skiego.\u00a0 Dok\u0142adne adresy i godziny podam w blogu w pi\u0105tkowym wpisie. Mi\u0142o\u015bnik\u00f3w ksi\u0105\u017cek kulinarnych (i nie tylko) serdecznie zapraszam.<\/p>\n","protected":false},"excerpt":{"rendered":"<p>Zaraz po warszawskich Targach Ksi\u0105\u017cki, raz lub mo\u017ce i dwa, wrzuc\u0119 nasz\u0105 nowa ksi\u0105\u017ck\u0119 &#8211;\u00a0 &#8222;Kuchnia w kawalerce i apartamencie&#8221;\u00a0&#8211; jako nagrod\u0119 quizow\u0105. Mam nadziej\u0119, \u017ce si\u0119 przyda tym, kt\u00f3rzy j\u0105 wygraj\u0105. A my ciekawi jeste\u015bmy Waszych uwag. Przy poprzednich ksi\u0105\u017ckach pilnie czytali\u015bmy je (i s\u0142uchali\u015bmy podczas spotka\u0144), by uwzgl\u0119dni\u0107 przy kolejnej pracy. Tak by\u0142o [&hellip;]<\/p>\n","protected":false},"author":2,"featured_media":0,"comment_status":"open","ping_status":"open","sticky":false,"template":"","format":"standard","meta":{"footnotes":""},"categories":[1],"tags":[],"_links":{"self":[{"href":"https:\/\/blog.polityka.pl\/adamczewski\/wp-json\/wp\/v2\/posts\/2528"}],"collection":[{"href":"https:\/\/blog.polityka.pl\/adamczewski\/wp-json\/wp\/v2\/posts"}],"about":[{"href":"https:\/\/blog.polityka.pl\/adamczewski\/wp-json\/wp\/v2\/types\/post"}],"author":[{"embeddable":true,"href":"https:\/\/blog.polityka.pl\/adamczewski\/wp-json\/wp\/v2\/users\/2"}],"replies":[{"embeddable":true,"href":"https:\/\/blog.polityka.pl\/adamczewski\/wp-json\/wp\/v2\/comments?post=2528"}],"version-history":[{"count":4,"href":"https:\/\/blog.polityka.pl\/adamczewski\/wp-json\/wp\/v2\/posts\/2528\/revisions"}],"predecessor-version":[{"id":2533,"href":"https:\/\/blog.polityka.pl\/adamczewski\/wp-json\/wp\/v2\/posts\/2528\/revisions\/2533"}],"wp:attachment":[{"href":"https:\/\/blog.polityka.pl\/adamczewski\/wp-json\/wp\/v2\/media?parent=2528"}],"wp:term":[{"taxonomy":"category","embeddable":true,"href":"https:\/\/blog.polityka.pl\/adamczewski\/wp-json\/wp\/v2\/categories?post=2528"},{"taxonomy":"post_tag","embeddable":true,"href":"https:\/\/blog.polityka.pl\/adamczewski\/wp-json\/wp\/v2\/tags?post=2528"}],"curies":[{"name":"wp","href":"https:\/\/api.w.org\/{rel}","templated":true}]}}