
{"id":253,"date":"2007-06-27T08:00:45","date_gmt":"2007-06-27T06:00:45","guid":{"rendered":"http:\/\/adamczewski.blog.polityka.pl\/?p=253"},"modified":"2007-06-27T08:00:45","modified_gmt":"2007-06-27T06:00:45","slug":"zgadnij-co-gotujemy46","status":"publish","type":"post","link":"https:\/\/blog.polityka.pl\/adamczewski\/2007\/06\/27\/zgadnij-co-gotujemy46\/","title":{"rendered":"Zgadnij co gotujemy?(46)"},"content":{"rendered":"<p>Znowu nadesz\u0142a \u015broda wi\u0119c pora na zagadki kulinarne. Bawimy si\u0119 aczkolwiek nie ca\u0142kiem bezinteresownie. Ja\u00a0&#8211; bo mam nadziej\u0119, \u017ce dzi\u0119ki naszym ksi\u0105\u017ckom przeznaczonym na nagrody wi\u0119ksza liczba blogowicz\u00f3w we\u017amie udzia\u0142 w quizie; wy\u00a0&#8211; bo, jak s\u0105dz\u0119, macie nadziej\u0119 na wygran\u0105 i p\u0142yn\u0105ce z niej korzy\u015bci w kuchni. Tym razem za\u015b nagrod\u0105 b\u0119dzie ksi\u0105\u017cka Barbary Adamczewskiej &#8222;W kuchni babci i wnuczki&#8221; wydana przez Nowy \u015awiat. Ksi\u0105\u017cka\u00a0 b\u0119dzie opatrzona autografami naszej sp\u00f3\u0142ki ma\u0142\u017ce\u0144sko-autorskiej i stosown\u0105 dedykacj\u0105.<br \/>\nTrzeba wi\u0119c spieszy\u0107 si\u0119 z odpowiedzi\u0105. Kto pierwszy przy\u015ble trzy prawid\u0142owe odpowiedzi ten zostanie zwyci\u0119zc\u0105 zgadywanki.<\/p>\n<p>Wysy\u0142a\u0107 nale\u017cy na adres: <a href=\"mailto:internet@polityka.com.pl\">internet@polityka.com.pl<\/a><\/p>\n<p>A oto dzisiejsze pytania:<br \/>\n1. Co to jest orkisz?<br \/>\n2. Czy szponder to garnek czy przyrz\u0105d kucharski?<br \/>\n3. Moskaliki pieczone to potrawa kuchni rosyjskiej, ukrai\u0144skiej czy jeszcze innej?<\/p>\n<p>I to ju\u017c wszystko. Teraz prosz\u0119 zajrze\u0107 do ksi\u0105zki kucharskiej lub encyklopedii i szybko zasi\u0105\u015b\u0107 do komputera. Czekam ja i pan listonosz.<\/p>\n","protected":false},"excerpt":{"rendered":"<p>Znowu nadesz\u0142a \u015broda wi\u0119c pora na zagadki kulinarne. Bawimy si\u0119 aczkolwiek nie ca\u0142kiem bezinteresownie. Ja\u00a0&#8211; bo mam nadziej\u0119, \u017ce dzi\u0119ki naszym ksi\u0105\u017ckom przeznaczonym na nagrody wi\u0119ksza liczba blogowicz\u00f3w we\u017amie udzia\u0142 w quizie; wy\u00a0&#8211; bo, jak s\u0105dz\u0119, macie nadziej\u0119 na wygran\u0105 i p\u0142yn\u0105ce z niej korzy\u015bci w kuchni. Tym razem za\u015b nagrod\u0105 b\u0119dzie ksi\u0105\u017cka Barbary Adamczewskiej [&hellip;]<\/p>\n","protected":false},"author":2,"featured_media":0,"comment_status":"open","ping_status":"open","sticky":false,"template":"","format":"standard","meta":{"footnotes":""},"categories":[1],"tags":[],"_links":{"self":[{"href":"https:\/\/blog.polityka.pl\/adamczewski\/wp-json\/wp\/v2\/posts\/253"}],"collection":[{"href":"https:\/\/blog.polityka.pl\/adamczewski\/wp-json\/wp\/v2\/posts"}],"about":[{"href":"https:\/\/blog.polityka.pl\/adamczewski\/wp-json\/wp\/v2\/types\/post"}],"author":[{"embeddable":true,"href":"https:\/\/blog.polityka.pl\/adamczewski\/wp-json\/wp\/v2\/users\/2"}],"replies":[{"embeddable":true,"href":"https:\/\/blog.polityka.pl\/adamczewski\/wp-json\/wp\/v2\/comments?post=253"}],"version-history":[{"count":0,"href":"https:\/\/blog.polityka.pl\/adamczewski\/wp-json\/wp\/v2\/posts\/253\/revisions"}],"wp:attachment":[{"href":"https:\/\/blog.polityka.pl\/adamczewski\/wp-json\/wp\/v2\/media?parent=253"}],"wp:term":[{"taxonomy":"category","embeddable":true,"href":"https:\/\/blog.polityka.pl\/adamczewski\/wp-json\/wp\/v2\/categories?post=253"},{"taxonomy":"post_tag","embeddable":true,"href":"https:\/\/blog.polityka.pl\/adamczewski\/wp-json\/wp\/v2\/tags?post=253"}],"curies":[{"name":"wp","href":"https:\/\/api.w.org\/{rel}","templated":true}]}}