
{"id":254,"date":"2007-06-25T08:12:42","date_gmt":"2007-06-25T06:12:42","guid":{"rendered":"http:\/\/adamczewski.blog.polityka.pl\/?p=254"},"modified":"2007-06-25T08:12:42","modified_gmt":"2007-06-25T06:12:42","slug":"smakosz-polityczny","status":"publish","type":"post","link":"https:\/\/blog.polityka.pl\/adamczewski\/2007\/06\/25\/smakosz-polityczny\/","title":{"rendered":"Smakosz polityczny"},"content":{"rendered":"<p>Kampanie wyborcze, referenda, kongresy partii rozpoczynaj\u0105 si\u0119 i ko\u0144cz\u0105 cz\u0119sto bulwersuj\u0105c publiczno\u015b\u0107, a my tu sobie gadu, gadu o jedzeniu. Tymczasem okazuje si\u0119, \u017ce i w blogu kulinarnym mo\u017cna uprawia\u0107 dzia\u0142alno\u015b\u0107 polityczn\u0105. Znalaz\u0142em w swoim archiwum wycink\u00f3w raport z bada\u0144 opinii publicznej biura &#8222;Demoskop&#8221; dotycz\u0105cych wp\u0142ywu od\u017cywiania si\u0119 na oceny dzia\u0142a\u0144 polityk\u00f3w. Po przebadaniu 968 os\u00f3b socjologowie stwierdzili, i\u017c ludzie lepiej od\u017cywiaj\u0105cy sie wy\u017cej oceniaj\u0105 dzia\u0142alno\u015b\u0107 prezydenta. G\u0142odni za\u015b s\u0105 znacznie bardziej krytyczni. I tak spo\u015br\u00f3d tych, kt\u00f3rzy jadaj\u0105 raz dziennie tylko 11 proc. dobrze wyra\u017ca si\u0119 o prezydencie. Pozostali maj\u0105 o nim znacznie gorsze zdanie.<\/p>\n<p>W\u015br\u00f3d ludzi jadaj\u0105cych pi\u0119\u0107 posi\u0142k\u00f3w dziennie a\u017c 50 proc. uwa\u017ca, \u017ce dzia\u0142ania szefa pa\u0144stwa s\u0105 w\u0142a\u015bciwe. 90 proc. ascet\u00f3w ostro go krytykuje. W\u015br\u00f3d \u0142akomczuch\u00f3w tylko 36 proc. ma wobec niego krytyczne uwagi.<\/p>\n<p>Wnioski z bada\u0144 nasuwaj\u0105 si\u0119 same. Trzeba nakarmi\u0107 wyborc\u00f3w. Podaj\u0119 wi\u0119c m\u00f3j ulubiony przepis licz\u0105c na Pa\u0144stwa pami\u0119\u0107 w przysz\u0142o\u015bci, gdyby mi przysz\u0142o stan\u0105\u0107 do jakichkolwiek wybor\u00f3w.<\/p>\n<p>CASSOULET<em><br \/>\n50 dag fasoli typu &#8222;ja\u015b&#8221;, 50 dag baraniny bez ko\u015bci, 25 dag kie\u0142basy czosnkowej, 50 dag mi\u0119sa z g\u0119si, 25 dag par\u00f3wek, 25 dag sk\u00f3rek wieprzowych, 6 dag t\u0142uszczu z gesi, \u0142y\u017cka pasty pomidorowej, 2 cebule, 2 z\u0105bki czosnku, 3\/4 l roso\u0142u, 1 szklanka wytrawnego bia\u0142ego wina, s\u00f3l<\/em><br \/>\nFasol\u0119 namoczy\u0107. Po 12 godz. gotowa\u0107 przez 90 min. w ma\u0142ej wodzie ze sk\u00f3rkami wieprzowymi. Obsma\u017cy\u0107 na t\u0142uszczu g\u0119sim mi\u0119so i kie\u0142bas\u0119 z drobno posiekan\u0105 cebul\u0105 i roztartym czosnkiem. Doda\u0107 do fasoli obsma\u017cone mi\u0119so, kie\u0142bas\u0119 i past\u0119 pomidorow\u0105. Gotowa\u0107 w szczelnie zamkni\u0119tym naczyniu przez 60 min. Prze\u0142o\u017cy\u0107 do kamionki, dola\u0107 wina i wstawi\u0107 do piekarnika i piec mieszaj\u0105c by nie dopu\u015bci\u0107 do powstania zapieczonej pow\u0142oki. Podawa\u0107 potraw\u0119 ob\u0142o\u017con\u0105 osobno ugotowanymi par\u00f3wkami. Nie zapomnie\u0107 o winie z po\u0142udnia Francji. Mo\u017ce by\u0107 gigondas!<\/p>\n","protected":false},"excerpt":{"rendered":"<p>Kampanie wyborcze, referenda, kongresy partii rozpoczynaj\u0105 si\u0119 i ko\u0144cz\u0105 cz\u0119sto bulwersuj\u0105c publiczno\u015b\u0107, a my tu sobie gadu, gadu o jedzeniu. Tymczasem okazuje si\u0119, \u017ce i w blogu kulinarnym mo\u017cna uprawia\u0107 dzia\u0142alno\u015b\u0107 polityczn\u0105. Znalaz\u0142em w swoim archiwum wycink\u00f3w raport z bada\u0144 opinii publicznej biura &#8222;Demoskop&#8221; dotycz\u0105cych wp\u0142ywu od\u017cywiania si\u0119 na oceny dzia\u0142a\u0144 polityk\u00f3w. Po przebadaniu 968 [&hellip;]<\/p>\n","protected":false},"author":2,"featured_media":0,"comment_status":"open","ping_status":"open","sticky":false,"template":"","format":"standard","meta":{"footnotes":""},"categories":[1],"tags":[],"_links":{"self":[{"href":"https:\/\/blog.polityka.pl\/adamczewski\/wp-json\/wp\/v2\/posts\/254"}],"collection":[{"href":"https:\/\/blog.polityka.pl\/adamczewski\/wp-json\/wp\/v2\/posts"}],"about":[{"href":"https:\/\/blog.polityka.pl\/adamczewski\/wp-json\/wp\/v2\/types\/post"}],"author":[{"embeddable":true,"href":"https:\/\/blog.polityka.pl\/adamczewski\/wp-json\/wp\/v2\/users\/2"}],"replies":[{"embeddable":true,"href":"https:\/\/blog.polityka.pl\/adamczewski\/wp-json\/wp\/v2\/comments?post=254"}],"version-history":[{"count":0,"href":"https:\/\/blog.polityka.pl\/adamczewski\/wp-json\/wp\/v2\/posts\/254\/revisions"}],"wp:attachment":[{"href":"https:\/\/blog.polityka.pl\/adamczewski\/wp-json\/wp\/v2\/media?parent=254"}],"wp:term":[{"taxonomy":"category","embeddable":true,"href":"https:\/\/blog.polityka.pl\/adamczewski\/wp-json\/wp\/v2\/categories?post=254"},{"taxonomy":"post_tag","embeddable":true,"href":"https:\/\/blog.polityka.pl\/adamczewski\/wp-json\/wp\/v2\/tags?post=254"}],"curies":[{"name":"wp","href":"https:\/\/api.w.org\/{rel}","templated":true}]}}