
{"id":2545,"date":"2009-08-02T16:55:23","date_gmt":"2009-08-02T15:55:23","guid":{"rendered":"http:\/\/adamczewscy.pl\/?p=2545"},"modified":"2009-08-02T16:55:23","modified_gmt":"2009-08-02T15:55:23","slug":"omlet-z-kurkami","status":"publish","type":"post","link":"https:\/\/blog.polityka.pl\/adamczewski\/2009\/08\/02\/omlet-z-kurkami\/","title":{"rendered":"Omlet z kurkami"},"content":{"rendered":"<p><em>2 szklanki oczyszczonych i posiekanych kurek, 8 jaj, p\u00f3l szklanki mleka, 2 z\u0105bki czosnku, 2 \u0142y\u017cki siekanej zielonej pietruszki, s\u00f3l, pieprz, 4 \u0142y\u017cki oliwy lub oleju.\u00a0<\/em><\/p>\n<p>1. Rozgrza\u0107 na patelni 2 \u0142y\u017cki oleju, doda\u0107 przeci\u015bni\u0119ty przez prask\u0119 (lub posiekany drobno) czosnek chwile podsma\u017cy\u0107, aby wydoby\u0142 si\u0119 aromat, po czym doda\u0107 kurki, lekko posoli\u0107 i sma\u017cy\u0107 chwil\u0119.<br \/>\n2. Ubi\u0107 widelcem jaja z mlekiem, sol\u0105 i pieprzem, doda\u0107 siekan\u0105 zielon\u0105 pietruszk\u0119 oraz usma\u017cone kurki.<br \/>\n3. Na dw\u00f3ch patelniach rozgrza\u0107 po \u0142y\u017cce oleju, wyla\u0107 na nie po r\u00f3wnej ilo\u015bci masy jajeczno-kurkowej. Patelnie nakry\u0107 pokrywami i sma\u017cy\u0107 na niedu\u017cym ogniu, a\u017c zetnie si\u0119 sp\u00f3d i wed\u0142ug gustu albo pozostawi\u0107 powierzchni\u0119 omletu galaretowat\u0105, albo przewr\u00f3ci\u0107 omlet na drug\u0105 stron\u0119 i zn\u00f3w podsma\u017cy\u0107.<br \/>\nPodawa\u0107 z dowolnym dodatkiem warzywnym. Doskonale smakuje omlet z pieczonymi ziemniakami.<\/p>\n","protected":false},"excerpt":{"rendered":"<p>2 szklanki oczyszczonych i posiekanych kurek, 8 jaj, p\u00f3l szklanki mleka, 2 z\u0105bki czosnku, 2 \u0142y\u017cki siekanej zielonej pietruszki, s\u00f3l, pieprz, 4 \u0142y\u017cki oliwy lub oleju.\u00a0 1. Rozgrza\u0107 na patelni 2 \u0142y\u017cki oleju, doda\u0107 przeci\u015bni\u0119ty przez prask\u0119 (lub posiekany drobno) czosnek chwile podsma\u017cy\u0107, aby wydoby\u0142 si\u0119 aromat, po czym doda\u0107 kurki, lekko posoli\u0107 i sma\u017cy\u0107 [&hellip;]<\/p>\n","protected":false},"author":2,"featured_media":0,"comment_status":"open","ping_status":"open","sticky":false,"template":"","format":"standard","meta":{"footnotes":""},"categories":[1],"tags":[],"_links":{"self":[{"href":"https:\/\/blog.polityka.pl\/adamczewski\/wp-json\/wp\/v2\/posts\/2545"}],"collection":[{"href":"https:\/\/blog.polityka.pl\/adamczewski\/wp-json\/wp\/v2\/posts"}],"about":[{"href":"https:\/\/blog.polityka.pl\/adamczewski\/wp-json\/wp\/v2\/types\/post"}],"author":[{"embeddable":true,"href":"https:\/\/blog.polityka.pl\/adamczewski\/wp-json\/wp\/v2\/users\/2"}],"replies":[{"embeddable":true,"href":"https:\/\/blog.polityka.pl\/adamczewski\/wp-json\/wp\/v2\/comments?post=2545"}],"version-history":[{"count":0,"href":"https:\/\/blog.polityka.pl\/adamczewski\/wp-json\/wp\/v2\/posts\/2545\/revisions"}],"wp:attachment":[{"href":"https:\/\/blog.polityka.pl\/adamczewski\/wp-json\/wp\/v2\/media?parent=2545"}],"wp:term":[{"taxonomy":"category","embeddable":true,"href":"https:\/\/blog.polityka.pl\/adamczewski\/wp-json\/wp\/v2\/categories?post=2545"},{"taxonomy":"post_tag","embeddable":true,"href":"https:\/\/blog.polityka.pl\/adamczewski\/wp-json\/wp\/v2\/tags?post=2545"}],"curies":[{"name":"wp","href":"https:\/\/api.w.org\/{rel}","templated":true}]}}