
{"id":2549,"date":"2011-05-17T08:00:25","date_gmt":"2011-05-17T06:00:25","guid":{"rendered":"http:\/\/adamczewski.blog.polityka.pl\/?p=2549"},"modified":"2011-05-15T15:42:26","modified_gmt":"2011-05-15T13:42:26","slug":"trzeba-sluchac-madrzejszych-i-doswiadczonych","status":"publish","type":"post","link":"https:\/\/blog.polityka.pl\/adamczewski\/2011\/05\/17\/trzeba-sluchac-madrzejszych-i-doswiadczonych\/","title":{"rendered":"Trzeba s\u0142ucha\u0107 m\u0105drzejszych i do\u015bwiadczonych"},"content":{"rendered":"<p>Niby to taka prosta prawda a nie zawsze trafia do przekonania. Gdy w ubieg\u0142ym roku pisa\u0142em, \u017ce chcemy mie\u0107 przed domem trawnik to dostali\u015bmy kilka rad, kt\u00f3re winny nas od tego powstrzyma\u0107. Nemo i par\u0119 innych os\u00f3b bardziej ni\u017c my do\u015bwiadczonych w kwestiach ogrodniczych uwa\u017ca\u0142o, \u017ce nic z naszego projektu nie b\u0119dzie i trawnik po\u015br\u00f3d sosen oraz modrzewi za nic si\u0119 nie uda.<\/p>\n<p><a href=\"\/wp-content\/uploads\/2011\/05\/Konwalie.jpg\"><img loading=\"lazy\" decoding=\"async\" class=\"alignleft size-medium wp-image-2550\" title=\"OLYMPUS DIGITAL CAMERA\" src=\"\/wp-content\/uploads\/2011\/05\/Konwalie-300x225.jpg\" alt=\"\" width=\"300\" height=\"225\" srcset=\"\/adamczewski\/wp-content\/uploads\/2011\/05\/Konwalie-300x225.jpg 300w, \/adamczewski\/wp-content\/uploads\/2011\/05\/Konwalie.jpg 640w\" sizes=\"(max-width: 300px) 100vw, 300px\" \/><\/a><br \/>\nAle my\u00a0&#8211; uparciuchy jedne\u00a0&#8211; przywie\u017ali\u015bmy czarnej ziemi, kupili\u015bmy nasiona, nawozy i zabrali\u015bmy si\u0119 do roboty. P\u00f3\u017an\u0105 jesieni\u0105, gdy trawa wzesz\u0142a, jeszcze byli\u015bmy pewnie zwyci\u0119stwa. Ale wiosna wyprowadzi\u0142a nas z b\u0142\u0119du. Oto rezultat nie s\u0142uchania dobrych rad przyjaci\u00f3\u0142.<\/p>\n<p>I tak dobrze, \u017ce co\u015b si\u0119 pod werand\u0105 zieleni, \u017ce nie zniszczyli\u015bmy konwalii (fot. wy\u017cej)\u00a0i barwinka. (fot. ni\u017cej)<\/p>\n<p><a href=\"\/wp-content\/uploads\/2011\/05\/Nieudany-trawnik.jpg\"><img loading=\"lazy\" decoding=\"async\" class=\"alignleft size-medium wp-image-2551\" title=\"OLYMPUS DIGITAL CAMERA\" src=\"\/wp-content\/uploads\/2011\/05\/Nieudany-trawnik-300x225.jpg\" alt=\"\" width=\"300\" height=\"225\" srcset=\"\/adamczewski\/wp-content\/uploads\/2011\/05\/Nieudany-trawnik-300x225.jpg 300w, \/adamczewski\/wp-content\/uploads\/2011\/05\/Nieudany-trawnik.jpg 640w\" sizes=\"(max-width: 300px) 100vw, 300px\" \/><\/a><\/p>\n<p>Uroda tego miejsca polega na czym\u015b innym. To jest kurpiowski lasek. A tu przecie\u017c piaski, laski i karaski. W za par\u0119 miesi\u0119cy b\u0119d\u0105 znowu borowiki, kozaki i ma\u015blaki. I wtedy posiadacze pi\u0119knych, g\u0119stych, zielonych trawnik\u00f3w b\u0119d\u0105 nam zazdro\u015bci\u0107. To pewne!<\/p>\n<p><a href=\"\/wp-content\/uploads\/2011\/05\/Bez...trawnika.jpg\"><img loading=\"lazy\" decoding=\"async\" class=\"aligncenter size-medium wp-image-2552\" title=\"OLYMPUS DIGITAL CAMERA\" src=\"\/wp-content\/uploads\/2011\/05\/Bez...trawnika-225x300.jpg\" alt=\"\" width=\"225\" height=\"300\" srcset=\"\/adamczewski\/wp-content\/uploads\/2011\/05\/Bez...trawnika-225x300.jpg 225w, \/adamczewski\/wp-content\/uploads\/2011\/05\/Bez...trawnika.jpg 360w\" sizes=\"(max-width: 225px) 100vw, 225px\" \/><\/a><\/p>\n","protected":false},"excerpt":{"rendered":"<p>Niby to taka prosta prawda a nie zawsze trafia do przekonania. Gdy w ubieg\u0142ym roku pisa\u0142em, \u017ce chcemy mie\u0107 przed domem trawnik to dostali\u015bmy kilka rad, kt\u00f3re winny nas od tego powstrzyma\u0107. Nemo i par\u0119 innych os\u00f3b bardziej ni\u017c my do\u015bwiadczonych w kwestiach ogrodniczych uwa\u017ca\u0142o, \u017ce nic z naszego projektu nie b\u0119dzie i trawnik po\u015br\u00f3d [&hellip;]<\/p>\n","protected":false},"author":2,"featured_media":0,"comment_status":"open","ping_status":"open","sticky":false,"template":"","format":"standard","meta":{"footnotes":""},"categories":[1],"tags":[],"_links":{"self":[{"href":"https:\/\/blog.polityka.pl\/adamczewski\/wp-json\/wp\/v2\/posts\/2549"}],"collection":[{"href":"https:\/\/blog.polityka.pl\/adamczewski\/wp-json\/wp\/v2\/posts"}],"about":[{"href":"https:\/\/blog.polityka.pl\/adamczewski\/wp-json\/wp\/v2\/types\/post"}],"author":[{"embeddable":true,"href":"https:\/\/blog.polityka.pl\/adamczewski\/wp-json\/wp\/v2\/users\/2"}],"replies":[{"embeddable":true,"href":"https:\/\/blog.polityka.pl\/adamczewski\/wp-json\/wp\/v2\/comments?post=2549"}],"version-history":[{"count":4,"href":"https:\/\/blog.polityka.pl\/adamczewski\/wp-json\/wp\/v2\/posts\/2549\/revisions"}],"predecessor-version":[{"id":2556,"href":"https:\/\/blog.polityka.pl\/adamczewski\/wp-json\/wp\/v2\/posts\/2549\/revisions\/2556"}],"wp:attachment":[{"href":"https:\/\/blog.polityka.pl\/adamczewski\/wp-json\/wp\/v2\/media?parent=2549"}],"wp:term":[{"taxonomy":"category","embeddable":true,"href":"https:\/\/blog.polityka.pl\/adamczewski\/wp-json\/wp\/v2\/categories?post=2549"},{"taxonomy":"post_tag","embeddable":true,"href":"https:\/\/blog.polityka.pl\/adamczewski\/wp-json\/wp\/v2\/tags?post=2549"}],"curies":[{"name":"wp","href":"https:\/\/api.w.org\/{rel}","templated":true}]}}