
{"id":2557,"date":"2011-05-18T08:00:44","date_gmt":"2011-05-18T06:00:44","guid":{"rendered":"http:\/\/adamczewski.blog.polityka.pl\/?p=2557"},"modified":"2011-11-30T15:18:01","modified_gmt":"2011-11-30T14:18:01","slug":"zgadnij-co-gotujemy-68","status":"publish","type":"post","link":"https:\/\/blog.polityka.pl\/adamczewski\/2011\/05\/18\/zgadnij-co-gotujemy-68\/","title":{"rendered":"Zgadnij co gotujemy?"},"content":{"rendered":"<p><a href=\"\/wp-content\/uploads\/2011\/05\/Nowa-ksi\u0105\u017cka-i-konwalie.jpg\"><img loading=\"lazy\" decoding=\"async\" class=\"aligncenter size-medium wp-image-2558\" title=\"OLYMPUS DIGITAL CAMERA\" src=\"\/wp-content\/uploads\/2011\/05\/Nowa-ksi\u0105\u017cka-i-konwalie-300x225.jpg\" alt=\"\" width=\"300\" height=\"225\" srcset=\"\/adamczewski\/wp-content\/uploads\/2011\/05\/Nowa-ksi\u0105\u017cka-i-konwalie-300x225.jpg 300w, \/adamczewski\/wp-content\/uploads\/2011\/05\/Nowa-ksi\u0105\u017cka-i-konwalie.jpg 640w\" sizes=\"(max-width: 300px) 100vw, 300px\" \/><\/a><\/p>\n<p>Tym razem nagrod\u0105\u00a0 b\u0119dzie ksi\u0105\u017cka , kt\u00f3rej ok\u0142adk\u0119 ju\u017c prezentowa\u0142em a niekt\u00f3re z Was nawet ju\u017c j\u0105 maj\u0105, bo by\u0142y na Targach. To nasza ostatnia praca i wydaje si\u0119,\u017ce mo\u017ce by\u0107 po\u017cyteczna. Zar\u00f3wno w kuchni doskona\u0142ych kucharzy, jak i pocz\u0105tkuj\u0105cych. Odpowiedzi na trzy pytania i ksi\u0105\u017cka jest Wasza.<br \/>\nDo roboty wi\u0119c!<br \/>\n1\u00a0&#8211; Doradca w kwestii doboru win do da\u0144 to &#8230; ?<\/p>\n<p>2\u00a0&#8211; Miarka do spaghetti to po w\u0142osku &#8230; ?<\/p>\n<p>3\u00a0&#8211; Od kiedy w Polsce jada si\u0119 sur\u00f3wki czyli nie gotowane warzywa?<\/p>\n<p>I teraz p\u0119dem do komputera. Oto adres: <a href=\"mailto:internet@polityka.com.pl\">internet@polityka.com.pl<\/a><br \/>\nKto pierwszy przy\u015ble prawid\u0142owe trzy odpowiedzi (i adres pocztowy) ten otrzyma &#8222;Kuchni\u0119 w kawalerce i apartamencie&#8221;.<\/p>\n","protected":false},"excerpt":{"rendered":"<p>Tym razem nagrod\u0105\u00a0 b\u0119dzie ksi\u0105\u017cka , kt\u00f3rej ok\u0142adk\u0119 ju\u017c prezentowa\u0142em a niekt\u00f3re z Was nawet ju\u017c j\u0105 maj\u0105, bo by\u0142y na Targach. To nasza ostatnia praca i wydaje si\u0119,\u017ce mo\u017ce by\u0107 po\u017cyteczna. Zar\u00f3wno w kuchni doskona\u0142ych kucharzy, jak i pocz\u0105tkuj\u0105cych. Odpowiedzi na trzy pytania i ksi\u0105\u017cka jest Wasza. Do roboty wi\u0119c! 1\u00a0&#8211; Doradca w kwestii [&hellip;]<\/p>\n","protected":false},"author":2,"featured_media":0,"comment_status":"open","ping_status":"open","sticky":false,"template":"","format":"standard","meta":{"footnotes":""},"categories":[1],"tags":[],"_links":{"self":[{"href":"https:\/\/blog.polityka.pl\/adamczewski\/wp-json\/wp\/v2\/posts\/2557"}],"collection":[{"href":"https:\/\/blog.polityka.pl\/adamczewski\/wp-json\/wp\/v2\/posts"}],"about":[{"href":"https:\/\/blog.polityka.pl\/adamczewski\/wp-json\/wp\/v2\/types\/post"}],"author":[{"embeddable":true,"href":"https:\/\/blog.polityka.pl\/adamczewski\/wp-json\/wp\/v2\/users\/2"}],"replies":[{"embeddable":true,"href":"https:\/\/blog.polityka.pl\/adamczewski\/wp-json\/wp\/v2\/comments?post=2557"}],"version-history":[{"count":5,"href":"https:\/\/blog.polityka.pl\/adamczewski\/wp-json\/wp\/v2\/posts\/2557\/revisions"}],"predecessor-version":[{"id":3537,"href":"https:\/\/blog.polityka.pl\/adamczewski\/wp-json\/wp\/v2\/posts\/2557\/revisions\/3537"}],"wp:attachment":[{"href":"https:\/\/blog.polityka.pl\/adamczewski\/wp-json\/wp\/v2\/media?parent=2557"}],"wp:term":[{"taxonomy":"category","embeddable":true,"href":"https:\/\/blog.polityka.pl\/adamczewski\/wp-json\/wp\/v2\/categories?post=2557"},{"taxonomy":"post_tag","embeddable":true,"href":"https:\/\/blog.polityka.pl\/adamczewski\/wp-json\/wp\/v2\/tags?post=2557"}],"curies":[{"name":"wp","href":"https:\/\/api.w.org\/{rel}","templated":true}]}}