
{"id":2571,"date":"2011-05-20T08:00:39","date_gmt":"2011-05-20T06:00:39","guid":{"rendered":"http:\/\/adamczewski.blog.polityka.pl\/?p=2571"},"modified":"2011-05-19T21:57:54","modified_gmt":"2011-05-19T19:57:54","slug":"podziekowanie","status":"publish","type":"post","link":"https:\/\/blog.polityka.pl\/adamczewski\/2011\/05\/20\/podziekowanie\/","title":{"rendered":"Podzi\u0119kowanie"},"content":{"rendered":"<p>Dzi\u0119kuj\u0119 wszystkim za wczorajsze \u017cyczenia. Poczu\u0142em si\u0119 zdrowszy (cho\u0107 nie narzeka\u0142em na brak zdrowia), bogatszy (mimo, \u017ce nie utyskiwa\u0142em na niedostatek), weselszy (cho\u0107 uwa\u017cam, i\u017c \u017cycie cz\u0119sto przynosi wiele rado\u015bci) i po\u017cyteczny, bo czasem udaje mi si\u0119 sprawi\u0107 rado\u015b\u0107 innym.<\/p>\n<p>Wczoraj otrzyma\u0142em mn\u00f3stwo dobrych \u017cycze\u0144 ( w tym wiele poza blogiem czyli mailem lub przy pomocy telefonu) i czuj\u0119 si\u0119 dzi\u0119ki temu szcz\u0119\u015bliwszy.<\/p>\n<p>Dzi\u015b ruszam na wie\u015b gdzie b\u0119d\u0119 \u00a0pracowa\u0142 i przy komputerze, i w drewutni, i\u00a0&#8230; co oczywiste w kuchni.\u00a0<\/p>\n<p>W \u00a0nast\u0119pnym tygodniu po powrocie do Warszawy zaczynamy promocj\u0119 ksi\u0105\u017cki\u00a0 i oczekujemy na zako\u0144czenie zmaga\u0144 z matur\u0105 najm\u0142odszego pokolenia. Zosta\u0142a do pokonania jeszcze prezentacja na temat roli konwencji w literaturze i rozszerzony hiszpa\u0144ski. A potem czekanie na wynik i przyj\u0119cie na studia.<\/p>\n<p>W czerwcu (dok\u0142adniej 3 czerwca) blogowicz\u00f3w z okolic nadnarwia\u0144skich zapraszamy do Pu\u0142tuska gdzie b\u0119dziemy jurorami w konkursach kulinarnych (dla zawodowc\u00f3w i amator\u00f3w) oraz b\u0119dziemy podpisywa\u0107 now\u0105 ksi\u0105\u017ck\u0119.<\/p>\n<p>Nie b\u0119d\u0119 dzi\u015b d\u0142u\u017cej si\u0119 rozpisywa\u0142 co chyba jest zrozumia\u0142e. Mog\u0119 tylko doda\u0107, \u017ce obiad rodzinny by\u0142 udany. G\u0142\u00f3wnie ze wzgl\u0119du na m\u0142odych go\u015bci, kt\u00f3rym\u00a0&#8211; na szcz\u0119\u015bcie\u00a0&#8211; wszystko smakowa\u0142o. A wszystko to: krewetki piri-piri, sa\u0142ata nicejska, \u0142oso\u015b z chrzanem, zupa-krem szparagowy i kaczka luzowana s\u0142odko ostra.\u00a0 Na deser tort orzechowy.<\/p>\n<p><a href=\"\/wp-content\/uploads\/2011\/05\/Amarone-urodzinowe.jpg\"><img loading=\"lazy\" decoding=\"async\" class=\"aligncenter size-medium wp-image-2572\" title=\"OLYMPUS DIGITAL CAMERA\" src=\"\/wp-content\/uploads\/2011\/05\/Amarone-urodzinowe-300x225.jpg\" alt=\"\" width=\"300\" height=\"225\" srcset=\"\/adamczewski\/wp-content\/uploads\/2011\/05\/Amarone-urodzinowe-300x225.jpg 300w, \/adamczewski\/wp-content\/uploads\/2011\/05\/Amarone-urodzinowe.jpg 640w\" sizes=\"(max-width: 300px) 100vw, 300px\" \/><\/a><\/p>\n<p>Toasty &#8211; oczywi\u015bcie doro\u015bli\u00a0&#8211; wnoszone by\u0142y tym co na zdj\u0119ciu.<br \/>\nDo zobaczenia w poniedzia\u0142ek.<\/p>\n","protected":false},"excerpt":{"rendered":"<p>Dzi\u0119kuj\u0119 wszystkim za wczorajsze \u017cyczenia. Poczu\u0142em si\u0119 zdrowszy (cho\u0107 nie narzeka\u0142em na brak zdrowia), bogatszy (mimo, \u017ce nie utyskiwa\u0142em na niedostatek), weselszy (cho\u0107 uwa\u017cam, i\u017c \u017cycie cz\u0119sto przynosi wiele rado\u015bci) i po\u017cyteczny, bo czasem udaje mi si\u0119 sprawi\u0107 rado\u015b\u0107 innym. Wczoraj otrzyma\u0142em mn\u00f3stwo dobrych \u017cycze\u0144 ( w tym wiele poza blogiem czyli mailem lub przy [&hellip;]<\/p>\n","protected":false},"author":2,"featured_media":0,"comment_status":"open","ping_status":"open","sticky":false,"template":"","format":"standard","meta":{"footnotes":""},"categories":[1],"tags":[],"_links":{"self":[{"href":"https:\/\/blog.polityka.pl\/adamczewski\/wp-json\/wp\/v2\/posts\/2571"}],"collection":[{"href":"https:\/\/blog.polityka.pl\/adamczewski\/wp-json\/wp\/v2\/posts"}],"about":[{"href":"https:\/\/blog.polityka.pl\/adamczewski\/wp-json\/wp\/v2\/types\/post"}],"author":[{"embeddable":true,"href":"https:\/\/blog.polityka.pl\/adamczewski\/wp-json\/wp\/v2\/users\/2"}],"replies":[{"embeddable":true,"href":"https:\/\/blog.polityka.pl\/adamczewski\/wp-json\/wp\/v2\/comments?post=2571"}],"version-history":[{"count":4,"href":"https:\/\/blog.polityka.pl\/adamczewski\/wp-json\/wp\/v2\/posts\/2571\/revisions"}],"predecessor-version":[{"id":2574,"href":"https:\/\/blog.polityka.pl\/adamczewski\/wp-json\/wp\/v2\/posts\/2571\/revisions\/2574"}],"wp:attachment":[{"href":"https:\/\/blog.polityka.pl\/adamczewski\/wp-json\/wp\/v2\/media?parent=2571"}],"wp:term":[{"taxonomy":"category","embeddable":true,"href":"https:\/\/blog.polityka.pl\/adamczewski\/wp-json\/wp\/v2\/categories?post=2571"},{"taxonomy":"post_tag","embeddable":true,"href":"https:\/\/blog.polityka.pl\/adamczewski\/wp-json\/wp\/v2\/tags?post=2571"}],"curies":[{"name":"wp","href":"https:\/\/api.w.org\/{rel}","templated":true}]}}