
{"id":258,"date":"2007-06-27T13:10:18","date_gmt":"2007-06-27T11:10:18","guid":{"rendered":"http:\/\/adamczewski.blog.polityka.pl\/?p=258"},"modified":"2007-07-17T13:55:24","modified_gmt":"2007-07-17T11:55:24","slug":"gotuj-sie-piotr-adamczewski-zaprasza-na-spagetti-8","status":"publish","type":"post","link":"https:\/\/blog.polityka.pl\/adamczewski\/2007\/06\/27\/gotuj-sie-piotr-adamczewski-zaprasza-na-spagetti-8\/","title":{"rendered":"Gotuj si\u0119! Piotr Adamczewski zaprasza na spaghetti (8)"},"content":{"rendered":"<p>Wci\u0105\u017c jeste\u015bmy w wiejskim domu Piotra Adamczewskiego, kt\u00f3ry przygotowuje swoje ulubione danie, czyli spaghetti carbonara.<br \/>\n\u00a0<br \/>\n<object width=\"425\" height=\"350\"><param name=\"movie\" value=\"http:\/\/www.youtube.com\/v\/cjQDfv0hrwM\"><\/param><param name=\"wmode\" value=\"transparent\"><\/param><embed src=\"http:\/\/www.youtube.com\/v\/cjQDfv0hrwM\" type=\"application\/x-shockwave-flash\" wmode=\"transparent\" width=\"425\" height=\"350\"><\/embed><\/object><\/p>\n","protected":false},"excerpt":{"rendered":"<p>Wci\u0105\u017c jeste\u015bmy w wiejskim domu Piotra Adamczewskiego, kt\u00f3ry przygotowuje swoje ulubione danie, czyli spaghetti carbonara. \u00a0<\/p>\n","protected":false},"author":2,"featured_media":0,"comment_status":"open","ping_status":"open","sticky":false,"template":"","format":"standard","meta":{"footnotes":""},"categories":[1],"tags":[],"_links":{"self":[{"href":"https:\/\/blog.polityka.pl\/adamczewski\/wp-json\/wp\/v2\/posts\/258"}],"collection":[{"href":"https:\/\/blog.polityka.pl\/adamczewski\/wp-json\/wp\/v2\/posts"}],"about":[{"href":"https:\/\/blog.polityka.pl\/adamczewski\/wp-json\/wp\/v2\/types\/post"}],"author":[{"embeddable":true,"href":"https:\/\/blog.polityka.pl\/adamczewski\/wp-json\/wp\/v2\/users\/2"}],"replies":[{"embeddable":true,"href":"https:\/\/blog.polityka.pl\/adamczewski\/wp-json\/wp\/v2\/comments?post=258"}],"version-history":[{"count":0,"href":"https:\/\/blog.polityka.pl\/adamczewski\/wp-json\/wp\/v2\/posts\/258\/revisions"}],"wp:attachment":[{"href":"https:\/\/blog.polityka.pl\/adamczewski\/wp-json\/wp\/v2\/media?parent=258"}],"wp:term":[{"taxonomy":"category","embeddable":true,"href":"https:\/\/blog.polityka.pl\/adamczewski\/wp-json\/wp\/v2\/categories?post=258"},{"taxonomy":"post_tag","embeddable":true,"href":"https:\/\/blog.polityka.pl\/adamczewski\/wp-json\/wp\/v2\/tags?post=258"}],"curies":[{"name":"wp","href":"https:\/\/api.w.org\/{rel}","templated":true}]}}