
{"id":2588,"date":"2011-05-25T08:00:43","date_gmt":"2011-05-25T06:00:43","guid":{"rendered":"http:\/\/adamczewski.blog.polityka.pl\/?p=2588"},"modified":"2011-11-30T15:17:37","modified_gmt":"2011-11-30T14:17:37","slug":"zgadnij-co-gotujemy-69","status":"publish","type":"post","link":"https:\/\/blog.polityka.pl\/adamczewski\/2011\/05\/25\/zgadnij-co-gotujemy-69\/","title":{"rendered":"Zgadnij co gotujemy?"},"content":{"rendered":"<p><strong> <a href=\"\/wp-content\/uploads\/2011\/05\/P5150001.jpg\"><img loading=\"lazy\" decoding=\"async\" class=\"aligncenter size-medium wp-image-2589\" title=\"OLYMPUS DIGITAL CAMERA\" src=\"\/wp-content\/uploads\/2011\/05\/P5150001-300x225.jpg\" alt=\"\" width=\"300\" height=\"225\" srcset=\"\/adamczewski\/wp-content\/uploads\/2011\/05\/P5150001-300x225.jpg 300w, \/adamczewski\/wp-content\/uploads\/2011\/05\/P5150001.jpg 640w\" sizes=\"(max-width: 300px) 100vw, 300px\" \/><\/a><\/strong><\/p>\n<p>Tym razem nagroda znana ju\u017c od kilku dni. Zapowiedziana i opisana ksi\u0105\u017cka naszego autorstwa. Ksi\u0105\u017ck\u0119 za\u015b otrzyma ten, kto pierwszy przy\u015ble odpowied\u017a na trzy pytania na adres <a href=\"mailto:internet@polityka.com.pl\">internet@polityka.com.pl<\/a><\/p>\n<p>A oto pytania konkursowe;<\/p>\n<p>1\u00a0&#8211; Gdzie si\u0119 odby\u0142 I Zjazd Smakoszy ?<\/p>\n<p>2\u00a0&#8211; Jak wygl\u0105da jedyny order przyznawany w Polsce za popularyzacj\u0119 naszej kuchni i nazwany imieniem wybitnego gastronoma?<\/p>\n<p>3\u00a0&#8211; Kto wywi\u00f3z\u0142 polski przepis na baby wielkanocne do Lotaryngii?<\/p>\n<p>Chyba nie przesadzi\u0142em w skali trudno\u015bci. A &#8222;Kuchnia w kawalerce i apartamencie&#8221; ju\u017c zapakowana czeka.<\/p>\n","protected":false},"excerpt":{"rendered":"<p>Tym razem nagroda znana ju\u017c od kilku dni. Zapowiedziana i opisana ksi\u0105\u017cka naszego autorstwa. Ksi\u0105\u017ck\u0119 za\u015b otrzyma ten, kto pierwszy przy\u015ble odpowied\u017a na trzy pytania na adres internet@polityka.com.pl A oto pytania konkursowe; 1\u00a0&#8211; Gdzie si\u0119 odby\u0142 I Zjazd Smakoszy ? 2\u00a0&#8211; Jak wygl\u0105da jedyny order przyznawany w Polsce za popularyzacj\u0119 naszej kuchni i nazwany imieniem [&hellip;]<\/p>\n","protected":false},"author":2,"featured_media":0,"comment_status":"open","ping_status":"open","sticky":false,"template":"","format":"standard","meta":{"footnotes":""},"categories":[1],"tags":[],"_links":{"self":[{"href":"https:\/\/blog.polityka.pl\/adamczewski\/wp-json\/wp\/v2\/posts\/2588"}],"collection":[{"href":"https:\/\/blog.polityka.pl\/adamczewski\/wp-json\/wp\/v2\/posts"}],"about":[{"href":"https:\/\/blog.polityka.pl\/adamczewski\/wp-json\/wp\/v2\/types\/post"}],"author":[{"embeddable":true,"href":"https:\/\/blog.polityka.pl\/adamczewski\/wp-json\/wp\/v2\/users\/2"}],"replies":[{"embeddable":true,"href":"https:\/\/blog.polityka.pl\/adamczewski\/wp-json\/wp\/v2\/comments?post=2588"}],"version-history":[{"count":4,"href":"https:\/\/blog.polityka.pl\/adamczewski\/wp-json\/wp\/v2\/posts\/2588\/revisions"}],"predecessor-version":[{"id":3536,"href":"https:\/\/blog.polityka.pl\/adamczewski\/wp-json\/wp\/v2\/posts\/2588\/revisions\/3536"}],"wp:attachment":[{"href":"https:\/\/blog.polityka.pl\/adamczewski\/wp-json\/wp\/v2\/media?parent=2588"}],"wp:term":[{"taxonomy":"category","embeddable":true,"href":"https:\/\/blog.polityka.pl\/adamczewski\/wp-json\/wp\/v2\/categories?post=2588"},{"taxonomy":"post_tag","embeddable":true,"href":"https:\/\/blog.polityka.pl\/adamczewski\/wp-json\/wp\/v2\/tags?post=2588"}],"curies":[{"name":"wp","href":"https:\/\/api.w.org\/{rel}","templated":true}]}}