
{"id":261,"date":"2007-07-04T08:00:37","date_gmt":"2007-07-04T06:00:37","guid":{"rendered":"http:\/\/adamczewski.blog.polityka.pl\/?p=261"},"modified":"2007-07-04T10:48:45","modified_gmt":"2007-07-04T08:48:45","slug":"zgadnij-co-gotujemy47","status":"publish","type":"post","link":"https:\/\/blog.polityka.pl\/adamczewski\/2007\/07\/04\/zgadnij-co-gotujemy47\/","title":{"rendered":"Zgadnij co gotujemy?(47)"},"content":{"rendered":"<p>Dosta\u0142em w prezencie oliw\u0119 extra vergine z zio\u0142ami. W pi\u0119knej butelczynie pe\u0142nej z\u0142ocistego p\u0142ynu wida\u0107 ga\u0142\u0105zk\u0119 rozmarynu, ziarenka pieprzu, kolendry, maciupe\u0144kie str\u0105czki peperoncino. Jeszcze jej nie otworzy\u0142em ale ju\u017c sobie wyobra\u017cam jak to b\u0119dzie smakowa\u0142o i pachnia\u0142o. Ten toska\u0144ski przysmak nasun\u0105\u0142 mi pomys\u0142 pyta\u0144 do dzisiejszego quizu. B\u0119dzie wi\u0119c tym razem o przyprawach z r\u00f3\u017cnych kuchni \u015bwiata.<\/p>\n<p>Ale przecie\u017c wszyscy na naszym blogu to znawcy i bywalcy. Do boju wi\u0119c smakosze!<br \/>\n1 &#8211; Co to jest miso? (Kuchnia japo\u0144ska)<br \/>\n2 &#8211; Co wchodzi w sk\u0142ad garam masala? Podaj cho\u0107 trzy z sze\u015bciu sk\u0142adnik\u00f3w.<br \/>\n(Kuchnia hinduska)<br \/>\n3 &#8211; Z czego zrobiona jest pasta kalamata? (Kuchnia grecka)<br \/>\nKto pierwszy przy\u015ble na adres <a href=\"mailto:internet@polityka.com.pl\">internet@polityka.com.pl<\/a> trzy prawid\u0142owe odpowiedzi stanie si\u0119 w\u0142a\u015bcicielem &#8222;Krwawej historii smaku&#8221; wydanej przez Nowy \u015awiat a opatrzonej autografem i serdeczn\u0105 dedykacj\u0105. W ksi\u0105\u017cce tej sporo uwagi i miejsca po\u015bwi\u0119ci\u0142em w\u0142a\u015bnie przyprawom z r\u00f3\u017cnych stron \u015bwiata. Oczywi\u015bcie s\u0105 i liczne przepisy. Czyli ksi\u0105\u017cka do czytania i do praktykowania w kuchni.<\/p>\n","protected":false},"excerpt":{"rendered":"<p>Dosta\u0142em w prezencie oliw\u0119 extra vergine z zio\u0142ami. W pi\u0119knej butelczynie pe\u0142nej z\u0142ocistego p\u0142ynu wida\u0107 ga\u0142\u0105zk\u0119 rozmarynu, ziarenka pieprzu, kolendry, maciupe\u0144kie str\u0105czki peperoncino. Jeszcze jej nie otworzy\u0142em ale ju\u017c sobie wyobra\u017cam jak to b\u0119dzie smakowa\u0142o i pachnia\u0142o. Ten toska\u0144ski przysmak nasun\u0105\u0142 mi pomys\u0142 pyta\u0144 do dzisiejszego quizu. B\u0119dzie wi\u0119c tym razem o przyprawach z r\u00f3\u017cnych [&hellip;]<\/p>\n","protected":false},"author":2,"featured_media":0,"comment_status":"open","ping_status":"open","sticky":false,"template":"","format":"standard","meta":{"footnotes":""},"categories":[1],"tags":[],"_links":{"self":[{"href":"https:\/\/blog.polityka.pl\/adamczewski\/wp-json\/wp\/v2\/posts\/261"}],"collection":[{"href":"https:\/\/blog.polityka.pl\/adamczewski\/wp-json\/wp\/v2\/posts"}],"about":[{"href":"https:\/\/blog.polityka.pl\/adamczewski\/wp-json\/wp\/v2\/types\/post"}],"author":[{"embeddable":true,"href":"https:\/\/blog.polityka.pl\/adamczewski\/wp-json\/wp\/v2\/users\/2"}],"replies":[{"embeddable":true,"href":"https:\/\/blog.polityka.pl\/adamczewski\/wp-json\/wp\/v2\/comments?post=261"}],"version-history":[{"count":0,"href":"https:\/\/blog.polityka.pl\/adamczewski\/wp-json\/wp\/v2\/posts\/261\/revisions"}],"wp:attachment":[{"href":"https:\/\/blog.polityka.pl\/adamczewski\/wp-json\/wp\/v2\/media?parent=261"}],"wp:term":[{"taxonomy":"category","embeddable":true,"href":"https:\/\/blog.polityka.pl\/adamczewski\/wp-json\/wp\/v2\/categories?post=261"},{"taxonomy":"post_tag","embeddable":true,"href":"https:\/\/blog.polityka.pl\/adamczewski\/wp-json\/wp\/v2\/tags?post=261"}],"curies":[{"name":"wp","href":"https:\/\/api.w.org\/{rel}","templated":true}]}}