
{"id":2616,"date":"2011-06-01T08:00:52","date_gmt":"2011-06-01T06:00:52","guid":{"rendered":"http:\/\/adamczewski.blog.polityka.pl\/?p=2616"},"modified":"2011-11-30T15:17:13","modified_gmt":"2011-11-30T14:17:13","slug":"zgadnij-co-gotujemy-70","status":"publish","type":"post","link":"https:\/\/blog.polityka.pl\/adamczewski\/2011\/06\/01\/zgadnij-co-gotujemy-70\/","title":{"rendered":"Zgadnij co gotujemy?"},"content":{"rendered":"<p>Dzi\u015b nagrod\u0105 jest ksi\u0105\u017cka Jurija Winnyczuka &#8222;Knajpy Lwowa&#8221;. Przed dwoma chyba laty pierwszy jej egzemplarz wygra\u0142a Pyra i dobrze ksi\u0105\u017ck\u0119 zrecenzowa\u0142a. Warto wi\u0119c o ni\u0105 si\u0119 stara\u0107. Zw\u0142aszcza je\u015bli kto\u015b ma w planach letni\u0105 podr\u00f3\u017c do Lwowa.<\/p>\n<p>Oto wi\u0119c pytania:<\/p>\n<p>1- Czy wiecie co to s\u0105 ukrai\u0144skie m\u0142yncy?<\/p>\n<p>2\u00a0\u00a0&#8211; Czego dotyczy lwowskie \u015bwi\u0119to pampucha?<\/p>\n<p>3\u00a0 &#8211;\u00a0 W kt\u00f3rej lwowskiej kawiarni siadywali i wymy\u015blali swoje teorie matematycy \u00a0(Ulam, Banach) z Uniwersytetu Jana Kazimierza ?<\/p>\n<p>Odpowiedzi zapewne \u00a0ju\u017c wys\u0142ane na adres <a href=\"mailto:internet@polityka.com.pl\">internet@polityka.com.pl<\/a> wi\u0119c i nagroda wkr\u00f3tce b\u0119dzie wys\u0142ana. Tylko troch\u0119 cierpliwo\u015bci.<\/p>\n","protected":false},"excerpt":{"rendered":"<p>Dzi\u015b nagrod\u0105 jest ksi\u0105\u017cka Jurija Winnyczuka &#8222;Knajpy Lwowa&#8221;. Przed dwoma chyba laty pierwszy jej egzemplarz wygra\u0142a Pyra i dobrze ksi\u0105\u017ck\u0119 zrecenzowa\u0142a. Warto wi\u0119c o ni\u0105 si\u0119 stara\u0107. Zw\u0142aszcza je\u015bli kto\u015b ma w planach letni\u0105 podr\u00f3\u017c do Lwowa. Oto wi\u0119c pytania: 1- Czy wiecie co to s\u0105 ukrai\u0144skie m\u0142yncy? 2\u00a0\u00a0&#8211; Czego dotyczy lwowskie \u015bwi\u0119to pampucha? 3\u00a0 [&hellip;]<\/p>\n","protected":false},"author":2,"featured_media":0,"comment_status":"open","ping_status":"open","sticky":false,"template":"","format":"standard","meta":{"footnotes":""},"categories":[1],"tags":[],"_links":{"self":[{"href":"https:\/\/blog.polityka.pl\/adamczewski\/wp-json\/wp\/v2\/posts\/2616"}],"collection":[{"href":"https:\/\/blog.polityka.pl\/adamczewski\/wp-json\/wp\/v2\/posts"}],"about":[{"href":"https:\/\/blog.polityka.pl\/adamczewski\/wp-json\/wp\/v2\/types\/post"}],"author":[{"embeddable":true,"href":"https:\/\/blog.polityka.pl\/adamczewski\/wp-json\/wp\/v2\/users\/2"}],"replies":[{"embeddable":true,"href":"https:\/\/blog.polityka.pl\/adamczewski\/wp-json\/wp\/v2\/comments?post=2616"}],"version-history":[{"count":4,"href":"https:\/\/blog.polityka.pl\/adamczewski\/wp-json\/wp\/v2\/posts\/2616\/revisions"}],"predecessor-version":[{"id":3535,"href":"https:\/\/blog.polityka.pl\/adamczewski\/wp-json\/wp\/v2\/posts\/2616\/revisions\/3535"}],"wp:attachment":[{"href":"https:\/\/blog.polityka.pl\/adamczewski\/wp-json\/wp\/v2\/media?parent=2616"}],"wp:term":[{"taxonomy":"category","embeddable":true,"href":"https:\/\/blog.polityka.pl\/adamczewski\/wp-json\/wp\/v2\/categories?post=2616"},{"taxonomy":"post_tag","embeddable":true,"href":"https:\/\/blog.polityka.pl\/adamczewski\/wp-json\/wp\/v2\/tags?post=2616"}],"curies":[{"name":"wp","href":"https:\/\/api.w.org\/{rel}","templated":true}]}}