
{"id":265,"date":"2007-07-04T10:05:24","date_gmt":"2007-07-04T08:05:24","guid":{"rendered":"http:\/\/adamczewski.blog.polityka.pl\/?p=265"},"modified":"2007-07-04T10:17:00","modified_gmt":"2007-07-04T08:17:00","slug":"piotr-adamczewski-zaprasza-na-grilla-9","status":"publish","type":"post","link":"https:\/\/blog.polityka.pl\/adamczewski\/2007\/07\/04\/piotr-adamczewski-zaprasza-na-grilla-9\/","title":{"rendered":"Piotr Adamczewski zaprasza na grilla (9)."},"content":{"rendered":"<p>Co robi statystyczny mieszczuch, gdy jest o tej porze na wsi? Grilluje. W tym odcinku Piotr Adamczewski zaprasza na grilla i przygotowuje kark\u00f3wk\u0119 i \u017ceberka.<\/p>\n<p><object width=\"425\" height=\"350\"><param name=\"movie\" value=\"http:\/\/www.youtube.com\/v\/8n581nrLFYA\"><\/param><param name=\"wmode\" value=\"transparent\"><\/param><embed src=\"http:\/\/www.youtube.com\/v\/8n581nrLFYA\" type=\"application\/x-shockwave-flash\" wmode=\"transparent\" width=\"425\" height=\"350\"><\/embed><\/object><\/p>\n","protected":false},"excerpt":{"rendered":"<p>Co robi statystyczny mieszczuch, gdy jest o tej porze na wsi? Grilluje. W tym odcinku Piotr Adamczewski zaprasza na grilla i przygotowuje kark\u00f3wk\u0119 i \u017ceberka.<\/p>\n","protected":false},"author":2,"featured_media":0,"comment_status":"open","ping_status":"open","sticky":false,"template":"","format":"standard","meta":{"footnotes":""},"categories":[1],"tags":[],"_links":{"self":[{"href":"https:\/\/blog.polityka.pl\/adamczewski\/wp-json\/wp\/v2\/posts\/265"}],"collection":[{"href":"https:\/\/blog.polityka.pl\/adamczewski\/wp-json\/wp\/v2\/posts"}],"about":[{"href":"https:\/\/blog.polityka.pl\/adamczewski\/wp-json\/wp\/v2\/types\/post"}],"author":[{"embeddable":true,"href":"https:\/\/blog.polityka.pl\/adamczewski\/wp-json\/wp\/v2\/users\/2"}],"replies":[{"embeddable":true,"href":"https:\/\/blog.polityka.pl\/adamczewski\/wp-json\/wp\/v2\/comments?post=265"}],"version-history":[{"count":0,"href":"https:\/\/blog.polityka.pl\/adamczewski\/wp-json\/wp\/v2\/posts\/265\/revisions"}],"wp:attachment":[{"href":"https:\/\/blog.polityka.pl\/adamczewski\/wp-json\/wp\/v2\/media?parent=265"}],"wp:term":[{"taxonomy":"category","embeddable":true,"href":"https:\/\/blog.polityka.pl\/adamczewski\/wp-json\/wp\/v2\/categories?post=265"},{"taxonomy":"post_tag","embeddable":true,"href":"https:\/\/blog.polityka.pl\/adamczewski\/wp-json\/wp\/v2\/tags?post=265"}],"curies":[{"name":"wp","href":"https:\/\/api.w.org\/{rel}","templated":true}]}}