
{"id":2652,"date":"2011-06-08T08:00:32","date_gmt":"2011-06-08T06:00:32","guid":{"rendered":"http:\/\/adamczewski.blog.polityka.pl\/?p=2652"},"modified":"2011-11-30T15:17:01","modified_gmt":"2011-11-30T14:17:01","slug":"zgadnij-co-gotujemy-72","status":"publish","type":"post","link":"https:\/\/blog.polityka.pl\/adamczewski\/2011\/06\/08\/zgadnij-co-gotujemy-72\/","title":{"rendered":"Zgadnij co gotujemy?"},"content":{"rendered":"<p>Dzi\u015b nagrod\u0105 jest ksi\u0105\u017cka Wiktora Horwata &#8222;Panna Winna&#8221; wydana przez Nowy \u015awiat. To ksi\u0105\u017cka sensacyjna ale z elementami atrakcyjnymi dla smakoszy. Warto j\u0105 mie\u0107 z przeznaczeniem na wakacyjn\u0105 lektur\u0119.<br \/>\nOto wi\u0119c pytania:<\/p>\n<p>1- Kucharz Stanis\u0142awa Augusta Poniatowskiego nazywa\u0142 si\u0119 &#8230;?<\/p>\n<p>2\u00a0\u00a0&#8211; A kucharz Talleyranda oraz cara Aleksandra II to..?<\/p>\n<p>3\u00a0 &#8211; Najs\u0142ynniejszym kucharzem we Francji, kt\u00f3ry da\u0142 imi\u0119 z\u0142otemu medalowi przyznawanemu w kulinarnych mistrzostwach \u015bwiata nazywa si\u0119&#8230; ?<\/p>\n<p>Odpowiedzi chyba\u00a0 ju\u017c wys\u0142ane na adres <a href=\"mailto:internet@polityka.com.pl\">internet@polityka.com.pl<\/a> wi\u0119c i nagroda wkr\u00f3tce b\u0119dzie wys\u0142ana.<\/p>\n","protected":false},"excerpt":{"rendered":"<p>Dzi\u015b nagrod\u0105 jest ksi\u0105\u017cka Wiktora Horwata &#8222;Panna Winna&#8221; wydana przez Nowy \u015awiat. To ksi\u0105\u017cka sensacyjna ale z elementami atrakcyjnymi dla smakoszy. Warto j\u0105 mie\u0107 z przeznaczeniem na wakacyjn\u0105 lektur\u0119. Oto wi\u0119c pytania: 1- Kucharz Stanis\u0142awa Augusta Poniatowskiego nazywa\u0142 si\u0119 &#8230;? 2\u00a0\u00a0&#8211; A kucharz Talleyranda oraz cara Aleksandra II to..? 3\u00a0 &#8211; Najs\u0142ynniejszym kucharzem we Francji, [&hellip;]<\/p>\n","protected":false},"author":2,"featured_media":0,"comment_status":"open","ping_status":"open","sticky":false,"template":"","format":"standard","meta":{"footnotes":""},"categories":[1],"tags":[],"_links":{"self":[{"href":"https:\/\/blog.polityka.pl\/adamczewski\/wp-json\/wp\/v2\/posts\/2652"}],"collection":[{"href":"https:\/\/blog.polityka.pl\/adamczewski\/wp-json\/wp\/v2\/posts"}],"about":[{"href":"https:\/\/blog.polityka.pl\/adamczewski\/wp-json\/wp\/v2\/types\/post"}],"author":[{"embeddable":true,"href":"https:\/\/blog.polityka.pl\/adamczewski\/wp-json\/wp\/v2\/users\/2"}],"replies":[{"embeddable":true,"href":"https:\/\/blog.polityka.pl\/adamczewski\/wp-json\/wp\/v2\/comments?post=2652"}],"version-history":[{"count":3,"href":"https:\/\/blog.polityka.pl\/adamczewski\/wp-json\/wp\/v2\/posts\/2652\/revisions"}],"predecessor-version":[{"id":3534,"href":"https:\/\/blog.polityka.pl\/adamczewski\/wp-json\/wp\/v2\/posts\/2652\/revisions\/3534"}],"wp:attachment":[{"href":"https:\/\/blog.polityka.pl\/adamczewski\/wp-json\/wp\/v2\/media?parent=2652"}],"wp:term":[{"taxonomy":"category","embeddable":true,"href":"https:\/\/blog.polityka.pl\/adamczewski\/wp-json\/wp\/v2\/categories?post=2652"},{"taxonomy":"post_tag","embeddable":true,"href":"https:\/\/blog.polityka.pl\/adamczewski\/wp-json\/wp\/v2\/tags?post=2652"}],"curies":[{"name":"wp","href":"https:\/\/api.w.org\/{rel}","templated":true}]}}