
{"id":2670,"date":"2011-06-15T08:00:30","date_gmt":"2011-06-15T06:00:30","guid":{"rendered":"http:\/\/adamczewski.blog.polityka.pl\/?p=2670"},"modified":"2011-11-30T15:16:42","modified_gmt":"2011-11-30T14:16:42","slug":"zgadnij-co-gotujemy-73","status":"publish","type":"post","link":"https:\/\/blog.polityka.pl\/adamczewski\/2011\/06\/15\/zgadnij-co-gotujemy-73\/","title":{"rendered":"Zgadnij co gotujemy"},"content":{"rendered":"<p>I znowu \u015broda. Czyli czas na zabawy umys\u0142owe.<br \/>\nB\u0119d\u0105\u00a0&#8211; jak zwykle &#8211;\u00a0 trzy pytania. Trzy prawid\u0142owe odpowiedzi nades\u0142ane na adres: <a href=\"mailto:internet@polityka.com.pl\">internet@polityka.com.pl<\/a> dadz\u0105 wygran\u0105 czyli ksi\u0105\u017ck\u0119\u00a0 pt. &#8222;Birkowie od kuchni&#8221; z du\u017c\u0105 ilo\u015bci\u0105 ciekawych przepis\u00f3w i porad dw\u00f3ch wspania\u0142ych kucharzy. A na mojej p\u00f3\u0142ce z ksi\u0105\u017ckami kucharskimi stoi kilkadziesi\u0105t po\u017c\u00f3\u0142k\u0142ych ju\u017c i wyplamionych od cz\u0119stego korzystania dzie\u0142 kulinarnych. Warto je odkurzy\u0107 i przypomnie\u0107. Oto pytania:<\/p>\n<p>1.\u00a0 Kto jest autorem(k\u0105) &#8222;Uniwersalnej ksi\u0105\u017cki kucharskiej&#8221; wydanej we Lwowie na pocz\u0105tku XX wieku?<\/p>\n<p>2. W 1903 roku ukaza\u0142a si\u0119 w Warszawie\u00a0 &#8222;Najnowsza kuchnia wytworna i gospodarska&#8221;\u00a0&#8211; kto j\u0105 napisa\u0142 ?<\/p>\n<p>3. W Krakowie w 1931 roku ukaza\u0142a si\u0119 &#8222;Nowoczesna kuchnia domowa&#8221; autorstwa&#8230;?<\/p>\n<p>Siedz\u0119 sobie na hamaku\u00a0 w lesie, nad Narwi\u0105, przegl\u0105dam stare druki\u00a0 i czekam na odpowiedzi.<\/p>\n","protected":false},"excerpt":{"rendered":"<p>I znowu \u015broda. Czyli czas na zabawy umys\u0142owe. B\u0119d\u0105\u00a0&#8211; jak zwykle &#8211;\u00a0 trzy pytania. Trzy prawid\u0142owe odpowiedzi nades\u0142ane na adres: internet@polityka.com.pl dadz\u0105 wygran\u0105 czyli ksi\u0105\u017ck\u0119\u00a0 pt. &#8222;Birkowie od kuchni&#8221; z du\u017c\u0105 ilo\u015bci\u0105 ciekawych przepis\u00f3w i porad dw\u00f3ch wspania\u0142ych kucharzy. A na mojej p\u00f3\u0142ce z ksi\u0105\u017ckami kucharskimi stoi kilkadziesi\u0105t po\u017c\u00f3\u0142k\u0142ych ju\u017c i wyplamionych od cz\u0119stego korzystania [&hellip;]<\/p>\n","protected":false},"author":2,"featured_media":0,"comment_status":"open","ping_status":"open","sticky":false,"template":"","format":"standard","meta":{"footnotes":""},"categories":[1],"tags":[],"_links":{"self":[{"href":"https:\/\/blog.polityka.pl\/adamczewski\/wp-json\/wp\/v2\/posts\/2670"}],"collection":[{"href":"https:\/\/blog.polityka.pl\/adamczewski\/wp-json\/wp\/v2\/posts"}],"about":[{"href":"https:\/\/blog.polityka.pl\/adamczewski\/wp-json\/wp\/v2\/types\/post"}],"author":[{"embeddable":true,"href":"https:\/\/blog.polityka.pl\/adamczewski\/wp-json\/wp\/v2\/users\/2"}],"replies":[{"embeddable":true,"href":"https:\/\/blog.polityka.pl\/adamczewski\/wp-json\/wp\/v2\/comments?post=2670"}],"version-history":[{"count":4,"href":"https:\/\/blog.polityka.pl\/adamczewski\/wp-json\/wp\/v2\/posts\/2670\/revisions"}],"predecessor-version":[{"id":2672,"href":"https:\/\/blog.polityka.pl\/adamczewski\/wp-json\/wp\/v2\/posts\/2670\/revisions\/2672"}],"wp:attachment":[{"href":"https:\/\/blog.polityka.pl\/adamczewski\/wp-json\/wp\/v2\/media?parent=2670"}],"wp:term":[{"taxonomy":"category","embeddable":true,"href":"https:\/\/blog.polityka.pl\/adamczewski\/wp-json\/wp\/v2\/categories?post=2670"},{"taxonomy":"post_tag","embeddable":true,"href":"https:\/\/blog.polityka.pl\/adamczewski\/wp-json\/wp\/v2\/tags?post=2670"}],"curies":[{"name":"wp","href":"https:\/\/api.w.org\/{rel}","templated":true}]}}