
{"id":2746,"date":"2011-06-29T08:00:13","date_gmt":"2011-06-29T06:00:13","guid":{"rendered":"http:\/\/adamczewski.blog.polityka.pl\/?p=2746"},"modified":"2011-11-30T15:15:55","modified_gmt":"2011-11-30T14:15:55","slug":"zgadnij-co-gotujemy-83","status":"publish","type":"post","link":"https:\/\/blog.polityka.pl\/adamczewski\/2011\/06\/29\/zgadnij-co-gotujemy-83\/","title":{"rendered":"Zgadnij co gotujemy?"},"content":{"rendered":"<p>Ruszamy do kolejnej (ostatniej przed wakacjami)\u00a0zabawy. Tym razem nagrod\u0105 b\u0119dzie omawiana tu ksi\u0105\u017cka Stefana i Konrada Birk\u00f3w\u00a0 czyli &#8222;Birkowie od kuchni&#8221;.<br \/>\nA oto dzisiejsze pytania:<\/p>\n<p>1\u00a0&#8211; Gruzini wznosz\u0105 toasty rogiem, by zmusi\u0107 go\u015bci do wypicia do dna; jest odpowiednik tego naczynia w polskim obyczaju?<\/p>\n<p>2\u00a0&#8211; Czy polskim my\u015bliwym wolno polowa\u0107 na g\u0142uszce?<\/p>\n<p>3\u00a0&#8211; Kiedy zosta\u0142a zarejestrowana najs\u0142ynniejsza i istniej\u0105ca do dzi\u015b polska fabryka porcelany w \u0106mielowie i kto by\u0142 jej pierwszym w\u0142a\u015bcicielem?<\/p>\n<p>Na odpowiedzi jak zwykle czekam pod adresem <a href=\"mailto:Internet@polityka.com.pl\">Internet@polityka.com.pl<\/a><br \/>\nKto pierwszy przy\u015ble trzy prawid\u0142owe odpowiedzi ten b\u0119dzie w\u0142a\u015bcicielem\u00a0 warto\u015bciowej i kszta\u0142c\u0105cej ksi\u0105\u017cki. Czekam z niecierpliwo\u015bci\u0105!<\/p>\n<p>Nast\u0119pny quiz po wakacjach czyli po moim powrocie z krainy bia\u0142ych trufli.<\/p>\n","protected":false},"excerpt":{"rendered":"<p>Ruszamy do kolejnej (ostatniej przed wakacjami)\u00a0zabawy. Tym razem nagrod\u0105 b\u0119dzie omawiana tu ksi\u0105\u017cka Stefana i Konrada Birk\u00f3w\u00a0 czyli &#8222;Birkowie od kuchni&#8221;. A oto dzisiejsze pytania: 1\u00a0&#8211; Gruzini wznosz\u0105 toasty rogiem, by zmusi\u0107 go\u015bci do wypicia do dna; jest odpowiednik tego naczynia w polskim obyczaju? 2\u00a0&#8211; Czy polskim my\u015bliwym wolno polowa\u0107 na g\u0142uszce? 3\u00a0&#8211; Kiedy zosta\u0142a [&hellip;]<\/p>\n","protected":false},"author":2,"featured_media":0,"comment_status":"open","ping_status":"open","sticky":false,"template":"","format":"standard","meta":{"footnotes":""},"categories":[1],"tags":[],"_links":{"self":[{"href":"https:\/\/blog.polityka.pl\/adamczewski\/wp-json\/wp\/v2\/posts\/2746"}],"collection":[{"href":"https:\/\/blog.polityka.pl\/adamczewski\/wp-json\/wp\/v2\/posts"}],"about":[{"href":"https:\/\/blog.polityka.pl\/adamczewski\/wp-json\/wp\/v2\/types\/post"}],"author":[{"embeddable":true,"href":"https:\/\/blog.polityka.pl\/adamczewski\/wp-json\/wp\/v2\/users\/2"}],"replies":[{"embeddable":true,"href":"https:\/\/blog.polityka.pl\/adamczewski\/wp-json\/wp\/v2\/comments?post=2746"}],"version-history":[{"count":5,"href":"https:\/\/blog.polityka.pl\/adamczewski\/wp-json\/wp\/v2\/posts\/2746\/revisions"}],"predecessor-version":[{"id":3531,"href":"https:\/\/blog.polityka.pl\/adamczewski\/wp-json\/wp\/v2\/posts\/2746\/revisions\/3531"}],"wp:attachment":[{"href":"https:\/\/blog.polityka.pl\/adamczewski\/wp-json\/wp\/v2\/media?parent=2746"}],"wp:term":[{"taxonomy":"category","embeddable":true,"href":"https:\/\/blog.polityka.pl\/adamczewski\/wp-json\/wp\/v2\/categories?post=2746"},{"taxonomy":"post_tag","embeddable":true,"href":"https:\/\/blog.polityka.pl\/adamczewski\/wp-json\/wp\/v2\/tags?post=2746"}],"curies":[{"name":"wp","href":"https:\/\/api.w.org\/{rel}","templated":true}]}}