
{"id":2750,"date":"2010-01-29T06:59:25","date_gmt":"2010-01-29T05:59:25","guid":{"rendered":"http:\/\/adamczewscy.pl\/?p=2750"},"modified":"2010-01-29T06:59:25","modified_gmt":"2010-01-29T05:59:25","slug":"surowka-z-kapusty-pekinskiej-z-oliwkami","status":"publish","type":"post","link":"https:\/\/blog.polityka.pl\/adamczewski\/2010\/01\/29\/surowka-z-kapusty-pekinskiej-z-oliwkami\/","title":{"rendered":"Sur\u00f3wka z kapusty peki\u0144skiej z oliwkami"},"content":{"rendered":"<p><em>Kapusta peki\u0144ska wagi oko\u0142o 60 dag, 2 winne jab\u0142ka, 10- 15 oliwek nadziewanych papryk\u0105, dymka, 2 \u0142y\u017cki siekanej zielonej pietruszki, s\u00f3l, pieprz, \u0142y\u017cka oleju lub oliwy, \u0142y\u017ceczka soku cytrynowego, ew. szczypta cukru. <\/em><\/p>\n<p>1. Kapust\u0119 oczy\u015bci\u0107 z uszkodzonych li\u015bci, posieka\u0107, posoli\u0107 i odstawi\u0107.<br \/>\n2. Jab\u0142ka pokroi\u0107 w kostk\u0119 wraz ze sk\u00f3rk\u0105, cebul\u0119 posieka\u0107 razem z zielonym szczypiorem, oliwki pokroi\u0107 w plasterki.<br \/>\n3. Wymiesza\u0107 wszystkie sk\u0142adniki, doprawi\u0107 sol\u0105, pieprzem i cukrem oraz olejem i sokiem cytrynowym. Podawa\u0107 od razu. <\/p>\n","protected":false},"excerpt":{"rendered":"<p>Kapusta peki\u0144ska wagi oko\u0142o 60 dag, 2 winne jab\u0142ka, 10- 15 oliwek nadziewanych papryk\u0105, dymka, 2 \u0142y\u017cki siekanej zielonej pietruszki, s\u00f3l, pieprz, \u0142y\u017cka oleju lub oliwy, \u0142y\u017ceczka soku cytrynowego, ew. szczypta cukru. 1. Kapust\u0119 oczy\u015bci\u0107 z uszkodzonych li\u015bci, posieka\u0107, posoli\u0107 i odstawi\u0107. 2. Jab\u0142ka pokroi\u0107 w kostk\u0119 wraz ze sk\u00f3rk\u0105, cebul\u0119 posieka\u0107 razem z zielonym [&hellip;]<\/p>\n","protected":false},"author":2,"featured_media":0,"comment_status":"open","ping_status":"open","sticky":false,"template":"","format":"standard","meta":{"footnotes":""},"categories":[1],"tags":[],"_links":{"self":[{"href":"https:\/\/blog.polityka.pl\/adamczewski\/wp-json\/wp\/v2\/posts\/2750"}],"collection":[{"href":"https:\/\/blog.polityka.pl\/adamczewski\/wp-json\/wp\/v2\/posts"}],"about":[{"href":"https:\/\/blog.polityka.pl\/adamczewski\/wp-json\/wp\/v2\/types\/post"}],"author":[{"embeddable":true,"href":"https:\/\/blog.polityka.pl\/adamczewski\/wp-json\/wp\/v2\/users\/2"}],"replies":[{"embeddable":true,"href":"https:\/\/blog.polityka.pl\/adamczewski\/wp-json\/wp\/v2\/comments?post=2750"}],"version-history":[{"count":0,"href":"https:\/\/blog.polityka.pl\/adamczewski\/wp-json\/wp\/v2\/posts\/2750\/revisions"}],"wp:attachment":[{"href":"https:\/\/blog.polityka.pl\/adamczewski\/wp-json\/wp\/v2\/media?parent=2750"}],"wp:term":[{"taxonomy":"category","embeddable":true,"href":"https:\/\/blog.polityka.pl\/adamczewski\/wp-json\/wp\/v2\/categories?post=2750"},{"taxonomy":"post_tag","embeddable":true,"href":"https:\/\/blog.polityka.pl\/adamczewski\/wp-json\/wp\/v2\/tags?post=2750"}],"curies":[{"name":"wp","href":"https:\/\/api.w.org\/{rel}","templated":true}]}}