
{"id":2751,"date":"2010-01-29T07:00:21","date_gmt":"2010-01-29T06:00:21","guid":{"rendered":"http:\/\/adamczewscy.pl\/?p=2751"},"modified":"2010-01-29T07:00:21","modified_gmt":"2010-01-29T06:00:21","slug":"salatka-z-pieczonej-papryki","status":"publish","type":"post","link":"https:\/\/blog.polityka.pl\/adamczewski\/2010\/01\/29\/salatka-z-pieczonej-papryki\/","title":{"rendered":"Sa\u0142atka z pieczonej papryki"},"content":{"rendered":"<p><em>Po jednym str\u0105ku dorodnej czerwonej, zielonej i \u017c\u00f3\u0142tej papryki, 2 \u0142y\u017cki ods\u0105czonych z zalewy kapar\u00f3w, 4 filety anchois,  2- 3 \u0142y\u017cki posiekanych grubo li\u015bci bazylii, 3 \u0142y\u017cki oleju z pestek winogron, s\u00f3l, pieprz. <\/em><\/p>\n<p>1. W\u0142\u0105czy\u0107 g\u00f3rne ogrzewanie w piekarniku. Papryk\u0119 poprzekrawa\u0107 na po\u0142\u00f3wki, odrzucaj\u0105c gniazda nasienne, przekroi\u0107 na po\u0142\u00f3wki, posmarowa\u0107 olejem i u\u0142o\u017cy\u0107 w piekarniku sk\u00f3rk\u0105 do g\u00f3ry. Piec do momentu, kiedy na sk\u00f3rce pojawi\u0105 si\u0119 czarne plamki.<br \/>\n2. Upieczon\u0105 papryk\u0119 w\u0142o\u017cy\u0107 do plastikowego woreczka i ostudzi\u0107, po czym zdj\u0105\u0107 sk\u00f3rk\u0119. Pokroi\u0107 papryki na w\u0105skie paski. Prze\u0142o\u017cy\u0107 do salaterki.<br \/>\n3. W miseczce wymiesza\u0107 posiekane filety anchois , posiekane kapary, li\u015bcie bazylii i olej oraz pieprz i s\u00f3l do smaku. <\/p>\n","protected":false},"excerpt":{"rendered":"<p>Po jednym str\u0105ku dorodnej czerwonej, zielonej i \u017c\u00f3\u0142tej papryki, 2 \u0142y\u017cki ods\u0105czonych z zalewy kapar\u00f3w, 4 filety anchois, 2- 3 \u0142y\u017cki posiekanych grubo li\u015bci bazylii, 3 \u0142y\u017cki oleju z pestek winogron, s\u00f3l, pieprz. 1. W\u0142\u0105czy\u0107 g\u00f3rne ogrzewanie w piekarniku. Papryk\u0119 poprzekrawa\u0107 na po\u0142\u00f3wki, odrzucaj\u0105c gniazda nasienne, przekroi\u0107 na po\u0142\u00f3wki, posmarowa\u0107 olejem i u\u0142o\u017cy\u0107 w piekarniku [&hellip;]<\/p>\n","protected":false},"author":2,"featured_media":0,"comment_status":"open","ping_status":"open","sticky":false,"template":"","format":"standard","meta":{"footnotes":""},"categories":[1],"tags":[],"_links":{"self":[{"href":"https:\/\/blog.polityka.pl\/adamczewski\/wp-json\/wp\/v2\/posts\/2751"}],"collection":[{"href":"https:\/\/blog.polityka.pl\/adamczewski\/wp-json\/wp\/v2\/posts"}],"about":[{"href":"https:\/\/blog.polityka.pl\/adamczewski\/wp-json\/wp\/v2\/types\/post"}],"author":[{"embeddable":true,"href":"https:\/\/blog.polityka.pl\/adamczewski\/wp-json\/wp\/v2\/users\/2"}],"replies":[{"embeddable":true,"href":"https:\/\/blog.polityka.pl\/adamczewski\/wp-json\/wp\/v2\/comments?post=2751"}],"version-history":[{"count":0,"href":"https:\/\/blog.polityka.pl\/adamczewski\/wp-json\/wp\/v2\/posts\/2751\/revisions"}],"wp:attachment":[{"href":"https:\/\/blog.polityka.pl\/adamczewski\/wp-json\/wp\/v2\/media?parent=2751"}],"wp:term":[{"taxonomy":"category","embeddable":true,"href":"https:\/\/blog.polityka.pl\/adamczewski\/wp-json\/wp\/v2\/categories?post=2751"},{"taxonomy":"post_tag","embeddable":true,"href":"https:\/\/blog.polityka.pl\/adamczewski\/wp-json\/wp\/v2\/tags?post=2751"}],"curies":[{"name":"wp","href":"https:\/\/api.w.org\/{rel}","templated":true}]}}