
{"id":2752,"date":"2010-01-29T07:01:05","date_gmt":"2010-01-29T06:01:05","guid":{"rendered":"http:\/\/adamczewscy.pl\/?p=2752"},"modified":"2010-01-29T07:01:05","modified_gmt":"2010-01-29T06:01:05","slug":"kawior-z-baklazana","status":"publish","type":"post","link":"https:\/\/blog.polityka.pl\/adamczewski\/2010\/01\/29\/kawior-z-baklazana\/","title":{"rendered":"Kawior z bak\u0142a\u017cana"},"content":{"rendered":"<p><em>2 dorodne bak\u0142a\u017cany, 3 dymki, 2 z\u0105bki czosnku, du\u017cy dojrza\u0142y lecz j\u0119drny pomidor, 3 \u0142y\u017cki oliwy z oliwek, ok. 2 \u0142y\u017cek soku cytrynowego, s\u00f3l, pieprz, na koniec \u0142y\u017cki ostrej mielonej papryki. <\/em><\/p>\n<p>1. Bak\u0142a\u017cany umy\u0107 i u\u0142o\u017cy\u0107 na blaszce w piekarniku o temperaturze 200 st C na oko\u0142o 15 minut. Kiedy ostygn\u0105, obra\u0107 i posieka\u0107.<br \/>\n2. Dymk\u0119 posieka\u0107 drobno wraz ze szczypiorem, podsma\u017cy\u0107 na \u0142y\u017cce oliwy.<br \/>\n3. Pomidora obra\u0107, posieka\u0107 i podsma\u017cy\u0107 na \u0142y\u017cce oliwy.<br \/>\n4. Na ostatniej \u0142y\u017cce oliwy podsma\u017cy\u0107 w garnuszku wszystkie sk\u0142adniki: bak\u0142a\u017cany, cebul\u0119, pomidora oraz przeci\u015bni\u0119ty przez prask\u0119 czosnek, doprawi\u0107 sokiem cytrynowym, sol\u0105, pieprzem i ostr\u0105 papryk\u0105. Ostudzi\u0107 i prze\u0142o\u017cy\u0107 do salaterki. <\/p>\n","protected":false},"excerpt":{"rendered":"<p>2 dorodne bak\u0142a\u017cany, 3 dymki, 2 z\u0105bki czosnku, du\u017cy dojrza\u0142y lecz j\u0119drny pomidor, 3 \u0142y\u017cki oliwy z oliwek, ok. 2 \u0142y\u017cek soku cytrynowego, s\u00f3l, pieprz, na koniec \u0142y\u017cki ostrej mielonej papryki. 1. Bak\u0142a\u017cany umy\u0107 i u\u0142o\u017cy\u0107 na blaszce w piekarniku o temperaturze 200 st C na oko\u0142o 15 minut. Kiedy ostygn\u0105, obra\u0107 i posieka\u0107. 2. [&hellip;]<\/p>\n","protected":false},"author":2,"featured_media":0,"comment_status":"open","ping_status":"open","sticky":false,"template":"","format":"standard","meta":{"footnotes":""},"categories":[1],"tags":[],"_links":{"self":[{"href":"https:\/\/blog.polityka.pl\/adamczewski\/wp-json\/wp\/v2\/posts\/2752"}],"collection":[{"href":"https:\/\/blog.polityka.pl\/adamczewski\/wp-json\/wp\/v2\/posts"}],"about":[{"href":"https:\/\/blog.polityka.pl\/adamczewski\/wp-json\/wp\/v2\/types\/post"}],"author":[{"embeddable":true,"href":"https:\/\/blog.polityka.pl\/adamczewski\/wp-json\/wp\/v2\/users\/2"}],"replies":[{"embeddable":true,"href":"https:\/\/blog.polityka.pl\/adamczewski\/wp-json\/wp\/v2\/comments?post=2752"}],"version-history":[{"count":0,"href":"https:\/\/blog.polityka.pl\/adamczewski\/wp-json\/wp\/v2\/posts\/2752\/revisions"}],"wp:attachment":[{"href":"https:\/\/blog.polityka.pl\/adamczewski\/wp-json\/wp\/v2\/media?parent=2752"}],"wp:term":[{"taxonomy":"category","embeddable":true,"href":"https:\/\/blog.polityka.pl\/adamczewski\/wp-json\/wp\/v2\/categories?post=2752"},{"taxonomy":"post_tag","embeddable":true,"href":"https:\/\/blog.polityka.pl\/adamczewski\/wp-json\/wp\/v2\/tags?post=2752"}],"curies":[{"name":"wp","href":"https:\/\/api.w.org\/{rel}","templated":true}]}}