
{"id":279,"date":"2007-08-02T08:00:13","date_gmt":"2007-08-02T06:00:13","guid":{"rendered":"http:\/\/adamczewski.blog.polityka.pl\/?p=279"},"modified":"2007-08-08T18:05:25","modified_gmt":"2007-08-08T16:05:25","slug":"zgadnij-co-gotujemy51","status":"publish","type":"post","link":"https:\/\/blog.polityka.pl\/adamczewski\/2007\/08\/02\/zgadnij-co-gotujemy51\/","title":{"rendered":"Zgadnij co gotujemy?(51)"},"content":{"rendered":"<p>Ju\u017c druga po\u0142owa lata. Mo\u017cna my\u015ble\u0107 o jesieni. A jesie\u0144 to dojrzewaj\u0105ce owoce w polskich sadach &#8211; jab\u0142ka, gruszki, pigwy. Ile\u017c to rado\u015bci. Pomy\u015blmy o tym co mo\u017cna z nich zrobi\u0107. I o to b\u0119d\u0119 te\u017c pyta\u0142 w kolejnym wydaniu kulinarnych zagadek.<\/p>\n<p>1. Kiedy jab\u0142ko nosi szlafrok?<br \/>\n2. Jak wygl\u0105da gruszka mi\u0142osna?<br \/>\n3. Czy mo\u017cna je\u015b\u0107 pigw\u0119 na s\u0142ono?<\/p>\n<p>Teraz kochani do roboty. Radz\u0119 si\u0119gn\u0105\u0107 do encyklopedii kulinarnych lub ksi\u0105\u017cek o owocach i warzywach.<\/p>\n<p><!--more--><br \/>\nAle trud ten op\u0142aci si\u0119 na pewno. Nagrod\u0105 jest ksi\u0105\u017cka &#8222;Rok na stole&#8221;, kt\u00f3r\u0105 napisa\u0142em z my\u015bl\u0105 o tym, \u017ce cz\u0142owiek jako ssak winien od\u017cywia\u0107 si\u0119 zgodnie z rytmem zmieniaj\u0105cych si\u0119 p\u00f3r roku. Jest wi\u0119c i pora na owoce ? wtedy w\u0142a\u015bnie gdy dojrzewaj\u0105. Ksi\u0105\u017ck\u0119 wyda\u0142 Nowy \u015awiat, a ja opatrz\u0119 j\u0105 jeszcze dodatkowo autografem i dedykacj\u0105 z serca dla tej osoby, kt\u00f3ra pierwsza przy\u015ble prawid\u0142owe odpowiedzi na adres: internet@polityka.com.pl<\/p>\n<p>Czekam ja i listonosz.<\/p>\n","protected":false},"excerpt":{"rendered":"<p>Ju\u017c druga po\u0142owa lata. Mo\u017cna my\u015ble\u0107 o jesieni. A jesie\u0144 to dojrzewaj\u0105ce owoce w polskich sadach &#8211; jab\u0142ka, gruszki, pigwy. Ile\u017c to rado\u015bci. Pomy\u015blmy o tym co mo\u017cna z nich zrobi\u0107. I o to b\u0119d\u0119 te\u017c pyta\u0142 w kolejnym wydaniu kulinarnych zagadek. 1. Kiedy jab\u0142ko nosi szlafrok? 2. Jak wygl\u0105da gruszka mi\u0142osna? 3. Czy mo\u017cna [&hellip;]<\/p>\n","protected":false},"author":2,"featured_media":0,"comment_status":"open","ping_status":"open","sticky":false,"template":"","format":"standard","meta":{"footnotes":""},"categories":[1],"tags":[],"_links":{"self":[{"href":"https:\/\/blog.polityka.pl\/adamczewski\/wp-json\/wp\/v2\/posts\/279"}],"collection":[{"href":"https:\/\/blog.polityka.pl\/adamczewski\/wp-json\/wp\/v2\/posts"}],"about":[{"href":"https:\/\/blog.polityka.pl\/adamczewski\/wp-json\/wp\/v2\/types\/post"}],"author":[{"embeddable":true,"href":"https:\/\/blog.polityka.pl\/adamczewski\/wp-json\/wp\/v2\/users\/2"}],"replies":[{"embeddable":true,"href":"https:\/\/blog.polityka.pl\/adamczewski\/wp-json\/wp\/v2\/comments?post=279"}],"version-history":[{"count":0,"href":"https:\/\/blog.polityka.pl\/adamczewski\/wp-json\/wp\/v2\/posts\/279\/revisions"}],"wp:attachment":[{"href":"https:\/\/blog.polityka.pl\/adamczewski\/wp-json\/wp\/v2\/media?parent=279"}],"wp:term":[{"taxonomy":"category","embeddable":true,"href":"https:\/\/blog.polityka.pl\/adamczewski\/wp-json\/wp\/v2\/categories?post=279"},{"taxonomy":"post_tag","embeddable":true,"href":"https:\/\/blog.polityka.pl\/adamczewski\/wp-json\/wp\/v2\/tags?post=279"}],"curies":[{"name":"wp","href":"https:\/\/api.w.org\/{rel}","templated":true}]}}