
{"id":2808,"date":"2011-07-14T08:00:59","date_gmt":"2011-07-14T06:00:59","guid":{"rendered":"http:\/\/adamczewski.blog.polityka.pl\/?p=2808"},"modified":"2011-07-11T13:28:02","modified_gmt":"2011-07-11T11:28:02","slug":"polska-potega-jest-i-basta-herbaciana","status":"publish","type":"post","link":"https:\/\/blog.polityka.pl\/adamczewski\/2011\/07\/14\/polska-potega-jest-i-basta-herbaciana\/","title":{"rendered":"Polska pot\u0119g\u0105 jest i basta! (herbacian\u0105)"},"content":{"rendered":"<p>\u00a0<\/p>\n<p>Od paru ju\u017c lat s\u0142awi\u0119 tu herbat\u0119 (prawie tak jak i wino). Jestem przy tym jawnie stronniczy, bo kieruj\u0119 si\u0119 w\u0142asnym smakiem a ten jest ca\u0142kowicie we w\u0142adaniu cejlo\u0144skich herbat produkowanych przez rodzin\u0119 Fernando. Podziwiam ich za ca\u0142okszta\u0142t ale zw\u0142aszcza za smak Uda Watte.<\/p>\n<p>Dzi\u015b jednak nie o herbacie Dilmah b\u0119dzie mowa ale o jej brytyjskim konkurencie czyli firmie Twinings. Przeczyta\u0142em\u00a0bowiem w &#8222;Gazecie Wyborczej&#8221;, \u017ce lord Twinings przenosi swoj\u0105 fabryk\u0119 herbaty z North Shields w p\u00f3\u0142nocnej Anglii do wielkopolskiego Swarz\u0119dza. Nawiasem m\u00f3wi\u0105c to nie pierwsze takie przenosiny poniewa\u017c producent czekolady Cadburry zamkn\u0105\u0142 sw\u00f3j zak\u0142ad pod Bristolem przenosz\u0105c go na Opolszczyzn\u0119.<\/p>\n<p>Anglicy twierdz\u0105, \u017ce w Polsce produkcja jest ta\u0144sza a jako\u015b\u0107 pracy nawet lepsza. Je\u015bli si\u0119 doda, \u017ce herbata Twiningsa jest produkowana w Anglii od 300 lat i jest ona napojem rodziny kr\u00f3lewskiej, to przenosiny do krainy nad Wart\u0105 nabieraj\u0105 niezwyk\u0142ego wyrazu.<\/p>\n<p>Sk\u0105d ta mi\u0142o\u015b\u0107 do Polski ? &#8211;\u00a0chcia\u0142oby si\u0119 zapyta\u0107. Nie wszystko bowiem da si\u0119 wyt\u0142umaczy\u0107 ta\u0144sz\u0105 robocizn\u0105. Tym razem mam w zanadrzu jeszcze jeden argument przemawiaj\u0105cy za t\u0105 przeprowadzk\u0105. To motyw uczuciowy, kt\u00f3ry w ekonomii rzadko jest brany pod uwag\u0119. \u017bon\u0105 w\u0142a\u015bciciela firmy czyli lorda Twiningsa jest Polka. Mia\u0142em okazj\u0119 pozna\u0107 obydwoje podczas ich wizyty w Warszawie (chyba przed pi\u0119tnastu laty), gdy promowali swoj\u0105 herbat\u0119 na naszym rynku. Jak si\u0119 dzi\u015b okazuje by\u0142a to wst\u0119pna wizyta przygotowuj\u0105ca rewolucj\u0119 na angielskim rynku herbacianym.<\/p>\n<p>I tak dzi\u0119ki pi\u0119knej \u017conie angielskiego lorda nasz kraj le\u017c\u0105cy z dala od herbacianych plantacji wyrasta na pot\u0119g\u0119 tego rynku. A\u00a0marce Dilmah przyb\u0119dzie silny rywal, co jest dla dobrej firmy zawsze pozytywnym i dopinguj\u0105cym argumentem. A \u017ce zbli\u017ca si\u0119 w\u0142a\u015bnie pi\u0105ta po po\u0142udniu, to kieruj\u0105c si\u0119 zaleceniami Anny Marii ksi\u0119\u017cnej Bedford, zalewam moj\u0105 Uda Watte odrobin\u0105 przestudzonego wrz\u0105tku a za trzy lub pi\u0119\u0107 minut dolej\u0119 drug\u0105 porcj\u0119 wody i nape\u0142ni\u0119 fili\u017canki.<\/p>\n","protected":false},"excerpt":{"rendered":"<p>\u00a0 Od paru ju\u017c lat s\u0142awi\u0119 tu herbat\u0119 (prawie tak jak i wino). Jestem przy tym jawnie stronniczy, bo kieruj\u0119 si\u0119 w\u0142asnym smakiem a ten jest ca\u0142kowicie we w\u0142adaniu cejlo\u0144skich herbat produkowanych przez rodzin\u0119 Fernando. Podziwiam ich za ca\u0142okszta\u0142t ale zw\u0142aszcza za smak Uda Watte. Dzi\u015b jednak nie o herbacie Dilmah b\u0119dzie mowa ale o [&hellip;]<\/p>\n","protected":false},"author":2,"featured_media":0,"comment_status":"open","ping_status":"open","sticky":false,"template":"","format":"standard","meta":{"footnotes":""},"categories":[1],"tags":[],"_links":{"self":[{"href":"https:\/\/blog.polityka.pl\/adamczewski\/wp-json\/wp\/v2\/posts\/2808"}],"collection":[{"href":"https:\/\/blog.polityka.pl\/adamczewski\/wp-json\/wp\/v2\/posts"}],"about":[{"href":"https:\/\/blog.polityka.pl\/adamczewski\/wp-json\/wp\/v2\/types\/post"}],"author":[{"embeddable":true,"href":"https:\/\/blog.polityka.pl\/adamczewski\/wp-json\/wp\/v2\/users\/2"}],"replies":[{"embeddable":true,"href":"https:\/\/blog.polityka.pl\/adamczewski\/wp-json\/wp\/v2\/comments?post=2808"}],"version-history":[{"count":3,"href":"https:\/\/blog.polityka.pl\/adamczewski\/wp-json\/wp\/v2\/posts\/2808\/revisions"}],"predecessor-version":[{"id":2811,"href":"https:\/\/blog.polityka.pl\/adamczewski\/wp-json\/wp\/v2\/posts\/2808\/revisions\/2811"}],"wp:attachment":[{"href":"https:\/\/blog.polityka.pl\/adamczewski\/wp-json\/wp\/v2\/media?parent=2808"}],"wp:term":[{"taxonomy":"category","embeddable":true,"href":"https:\/\/blog.polityka.pl\/adamczewski\/wp-json\/wp\/v2\/categories?post=2808"},{"taxonomy":"post_tag","embeddable":true,"href":"https:\/\/blog.polityka.pl\/adamczewski\/wp-json\/wp\/v2\/tags?post=2808"}],"curies":[{"name":"wp","href":"https:\/\/api.w.org\/{rel}","templated":true}]}}