
{"id":2835,"date":"2011-07-21T08:00:49","date_gmt":"2011-07-21T06:00:49","guid":{"rendered":"http:\/\/adamczewski.blog.polityka.pl\/?p=2835"},"modified":"2011-07-20T14:23:00","modified_gmt":"2011-07-20T12:23:00","slug":"remanent-fotograficzny","status":"publish","type":"post","link":"https:\/\/blog.polityka.pl\/adamczewski\/2011\/07\/21\/remanent-fotograficzny\/","title":{"rendered":"Remanent fotograficzny"},"content":{"rendered":"<p><a href=\"\/wp-content\/uploads\/2011\/07\/Przy-stole.jpg\"><img loading=\"lazy\" decoding=\"async\" class=\"aligncenter size-medium wp-image-2838\" title=\"OLYMPUS DIGITAL CAMERA\" src=\"\/wp-content\/uploads\/2011\/07\/Przy-stole-300x225.jpg\" alt=\"\" width=\"300\" height=\"225\" srcset=\"\/adamczewski\/wp-content\/uploads\/2011\/07\/Przy-stole-300x225.jpg 300w, \/adamczewski\/wp-content\/uploads\/2011\/07\/Przy-stole.jpg 640w\" sizes=\"(max-width: 300px) 100vw, 300px\" \/><\/a><\/p>\n<p>Nie mog\u0119 wrzuca\u0107 zdj\u0119\u0107 z laptopa s\u0142u\u017c\u0105cego mi do pracy na wsi. Prawd\u0119 m\u00f3wi\u0105c nie tyle nie mog\u0119, ile nie potrafi\u0119. Musz\u0119 wi\u0119c zdj\u0119cia (te zrobione w\u0142asnym aparatem a nie przys\u0142ane mailem z redakcji lub od znajomych) przerzuca\u0107 do komputera stacjonarnego, kt\u00f3ry jak nazwa wskazuje stacjonuje w moim warszawskim domu. A ten odwiedzam raz na tydzie\u0144, gdy przyje\u017cd\u017cam do redakcji i do radia TOK FM. Dlatego te\u017c zdj\u0119cia bywaj\u0105 pokazywane z du\u017cym op\u00f3\u017anieniem. Tak jest i dzisiaj.<\/p>\n<p>Najpierw poka\u017c\u0119 kolejnego prawdziwka, kt\u00f3ry wyr\u00f3s\u0142 pod sosn\u0105 pomi\u0119dzy domem a letni\u0105 kuchni\u0105. Niedu\u017cy ale dorodny. Oto on:<\/p>\n<p><a href=\"\/wp-content\/uploads\/2011\/07\/Borowik.jpg\"><img loading=\"lazy\" decoding=\"async\" class=\"aligncenter size-medium wp-image-2839\" title=\"OLYMPUS DIGITAL CAMERA\" src=\"\/wp-content\/uploads\/2011\/07\/Borowik-300x225.jpg\" alt=\"\" width=\"300\" height=\"225\" srcset=\"\/adamczewski\/wp-content\/uploads\/2011\/07\/Borowik-300x225.jpg 300w, \/adamczewski\/wp-content\/uploads\/2011\/07\/Borowik.jpg 640w\" sizes=\"(max-width: 300px) 100vw, 300px\" \/><\/a><\/p>\n<p>Kolejna porcja fotek to zdj\u0119cia ze spotkania z Danu\u015bk\u0105 i jej rodzin\u0105. Najpierw wszyscy przy stole, a potem dania. Warzywne i grzybowe empanadas przyrz\u0105dzone przez kuzynk\u0119 gospodyni &#8211; malark\u0119 Magd\u0119 oraz camembert z bia\u0142ym winem plus kartofle w mundurkach. O rewelacyjnym smaku wszystkiego pisa\u0142em wcze\u015bniej wi\u0119c nie b\u0119d\u0119 was zam\u0119cza\u0142 ponownym zachwytem.<\/p>\n<p><a href=\"\/wp-content\/uploads\/2011\/07\/Empanadas.jpg\"><img loading=\"lazy\" decoding=\"async\" class=\"aligncenter size-medium wp-image-2840\" title=\"OLYMPUS DIGITAL CAMERA\" src=\"\/wp-content\/uploads\/2011\/07\/Empanadas-300x225.jpg\" alt=\"\" width=\"300\" height=\"225\" srcset=\"\/adamczewski\/wp-content\/uploads\/2011\/07\/Empanadas-300x225.jpg 300w, \/adamczewski\/wp-content\/uploads\/2011\/07\/Empanadas.jpg 640w\" sizes=\"(max-width: 300px) 100vw, 300px\" \/><\/a><\/p>\n<p><a href=\"\/wp-content\/uploads\/2011\/07\/Camembert.jpg\"><img loading=\"lazy\" decoding=\"async\" class=\"aligncenter size-medium wp-image-2841\" title=\"OLYMPUS DIGITAL CAMERA\" src=\"\/wp-content\/uploads\/2011\/07\/Camembert-300x225.jpg\" alt=\"\" width=\"300\" height=\"225\" srcset=\"\/adamczewski\/wp-content\/uploads\/2011\/07\/Camembert-300x225.jpg 300w, \/adamczewski\/wp-content\/uploads\/2011\/07\/Camembert.jpg 640w\" sizes=\"(max-width: 300px) 100vw, 300px\" \/><\/a><\/p>\n<p>I na koniec\u00a0 poka\u017c\u0119 kanie, kt\u00f3re wyros\u0142y w ogrodzie mojego przyjaciela Andrzeja, u kt\u00f3rego pracowa\u0142 przy wyr\u0119bie drzew i r\u0105baniu pni na opa\u0142 m\u00f3j wnuk Kuba. Kanie za\u015b stanowi\u0142y premi\u0119 (cho\u0107 samo honorarium za robot\u0119 by\u0142o te\u017c godziwe i w dobrej walucie).<\/p>\n<p><a href=\"\/wp-content\/uploads\/2011\/07\/Kanie.jpg\"><img loading=\"lazy\" decoding=\"async\" class=\"aligncenter size-medium wp-image-2842\" title=\"OLYMPUS DIGITAL CAMERA\" src=\"\/wp-content\/uploads\/2011\/07\/Kanie-300x225.jpg\" alt=\"\" width=\"300\" height=\"225\" srcset=\"\/adamczewski\/wp-content\/uploads\/2011\/07\/Kanie-300x225.jpg 300w, \/adamczewski\/wp-content\/uploads\/2011\/07\/Kanie.jpg 640w\" sizes=\"(max-width: 300px) 100vw, 300px\" \/><\/a><\/p>\n<p>Te kanie usma\u017cyli\u015bmy na ma\u015ble bez \u017cadnego panierowania, bo takie wydaj\u0105 nam si\u0119 najsmaczniejsze. I rzeczywi\u015bcie by\u0142y wspania\u0142e!<\/p>\n<p>Za tydzie\u0144 zapewne b\u0119dzie kolejna porcja obrazk\u00f3w ze wsi. Tym razem z podr\u00f3\u017cy.<\/p>\n<p>A tu s\u00f3jka\u00a0 w karmniku:<\/p>\n<p><a href=\"\/wp-content\/uploads\/2011\/07\/S\u00f3jka.jpg\"><img loading=\"lazy\" decoding=\"async\" class=\"aligncenter size-medium wp-image-2843\" title=\"OLYMPUS DIGITAL CAMERA\" src=\"\/wp-content\/uploads\/2011\/07\/S\u00f3jka-300x225.jpg\" alt=\"\" width=\"300\" height=\"225\" srcset=\"\/adamczewski\/wp-content\/uploads\/2011\/07\/S\u00f3jka-300x225.jpg 300w, \/adamczewski\/wp-content\/uploads\/2011\/07\/S\u00f3jka.jpg 640w\" sizes=\"(max-width: 300px) 100vw, 300px\" \/><\/a><\/p>\n","protected":false},"excerpt":{"rendered":"<p>Nie mog\u0119 wrzuca\u0107 zdj\u0119\u0107 z laptopa s\u0142u\u017c\u0105cego mi do pracy na wsi. Prawd\u0119 m\u00f3wi\u0105c nie tyle nie mog\u0119, ile nie potrafi\u0119. Musz\u0119 wi\u0119c zdj\u0119cia (te zrobione w\u0142asnym aparatem a nie przys\u0142ane mailem z redakcji lub od znajomych) przerzuca\u0107 do komputera stacjonarnego, kt\u00f3ry jak nazwa wskazuje stacjonuje w moim warszawskim domu. A ten odwiedzam raz na [&hellip;]<\/p>\n","protected":false},"author":2,"featured_media":0,"comment_status":"open","ping_status":"open","sticky":false,"template":"","format":"standard","meta":{"footnotes":""},"categories":[1],"tags":[],"_links":{"self":[{"href":"https:\/\/blog.polityka.pl\/adamczewski\/wp-json\/wp\/v2\/posts\/2835"}],"collection":[{"href":"https:\/\/blog.polityka.pl\/adamczewski\/wp-json\/wp\/v2\/posts"}],"about":[{"href":"https:\/\/blog.polityka.pl\/adamczewski\/wp-json\/wp\/v2\/types\/post"}],"author":[{"embeddable":true,"href":"https:\/\/blog.polityka.pl\/adamczewski\/wp-json\/wp\/v2\/users\/2"}],"replies":[{"embeddable":true,"href":"https:\/\/blog.polityka.pl\/adamczewski\/wp-json\/wp\/v2\/comments?post=2835"}],"version-history":[{"count":3,"href":"https:\/\/blog.polityka.pl\/adamczewski\/wp-json\/wp\/v2\/posts\/2835\/revisions"}],"predecessor-version":[{"id":2837,"href":"https:\/\/blog.polityka.pl\/adamczewski\/wp-json\/wp\/v2\/posts\/2835\/revisions\/2837"}],"wp:attachment":[{"href":"https:\/\/blog.polityka.pl\/adamczewski\/wp-json\/wp\/v2\/media?parent=2835"}],"wp:term":[{"taxonomy":"category","embeddable":true,"href":"https:\/\/blog.polityka.pl\/adamczewski\/wp-json\/wp\/v2\/categories?post=2835"},{"taxonomy":"post_tag","embeddable":true,"href":"https:\/\/blog.polityka.pl\/adamczewski\/wp-json\/wp\/v2\/tags?post=2835"}],"curies":[{"name":"wp","href":"https:\/\/api.w.org\/{rel}","templated":true}]}}