
{"id":2852,"date":"2011-07-25T08:00:36","date_gmt":"2011-07-25T06:00:36","guid":{"rendered":"http:\/\/adamczewski.blog.polityka.pl\/?p=2852"},"modified":"2011-07-25T09:27:37","modified_gmt":"2011-07-25T07:27:37","slug":"skad-ta-milosc-do-kawy","status":"publish","type":"post","link":"https:\/\/blog.polityka.pl\/adamczewski\/2011\/07\/25\/skad-ta-milosc-do-kawy\/","title":{"rendered":"Sk\u0105d ta mi\u0142o\u015b\u0107 do kawy?"},"content":{"rendered":"<p>Znana na rynku firma MK Cafe przeprowadzi\u0142a badania ankietowe, w kt\u00f3rych stawia\u0142a szereg pyta\u0144 dotycz\u0105cych picia kawy, wyboru ulubionego rodzaju, cz\u0119stotliwo\u015bci oraz obyczaju kawowego. W badaniu uczestniczy\u0142o niemal 19 tysi\u0119cy respondent\u00f3w. To imponuj\u0105ca liczba pozwalaj\u0105ca\u00a0 uzna\u0107 rezultaty ankiety za miarodajne. A s\u0105 one\u00a0 interesuj\u0105ce.<br \/>\nPierwsze pytanie dotyczy\u0142o kawy porannej.\u00a0 Ankietowani stwierdzili, \u017ce nie wyobra\u017caj\u0105 sobie pocz\u0105tku dnia bez ulubionego napoju. R\u00f3\u017cnili si\u0119 tylko w wyborze. Oto on:<\/p>\n<p>Nie wyobra\u017cam sobie dnia bez:*\u00a0Fili\u017canki mocnego espresso\u00a0\u00a0\u00a0\u00a0\u00a0\u00a0\u00a0\u00a0\u00a0\u00a0\u00a0\u00a0\u00a0\u00a0\u00a0\u00a0\u00a0\u00a0\u00a0\u00a0\u00a0 &#8211; 34%<br \/>\n*\u00a0Aromatycznego cappuccino\u00a0\u00a0\u00a0\u00a0\u00a0\u00a0\u00a0\u00a0\u00a0\u00a0\u00a0\u00a0\u00a0\u00a0\u00a0\u00a0\u00a0\u00a0\u00a0\u00a0\u00a0\u00a0 &#8211;\u00a0 11%<br \/>\n*\u00a0Latte w papierowym kubku\u00a0\u00a0\u00a0\u00a0\u00a0\u00a0\u00a0\u00a0\u00a0\u00a0\u00a0\u00a0\u00a0\u00a0\u00a0\u00a0\u00a0\u00a0\u00a0\u00a0\u00a0\u00a0\u00a0\u00a0 &#8211;\u00a0\u00a0 8%<br \/>\n*\u00a0Lekkiej kawy \u015bniadaniowej z mlekiem\u00a0\u00a0\u00a0\u00a0\u00a0\u00a0\u00a0 &#8211; 47%<\/p>\n<p>O wyborze gatunku decydowa\u0142a w du\u017cej mierze p\u0142e\u0107 mi\u0142o\u015bnik\u00f3w kawy. 51% kobiet nie wyobra\u017ca sobie dnia bez &#8211; lekkiej kawy \u015bniadaniowej z mlekiem- i dok\u0142adnie tyle samo m\u0119\u017cczyzn (51%)\u00a0&#8211; bez fili\u017canki mocnego espresso.<\/p>\n<p>Chocia\u017c dla prawdziwego smakosza kawa jest warto\u015bci\u0105 sam\u0105 w sobie, jednak na co dzie\u0144 pijemy j\u0105 z r\u00f3\u017cnymi dodatkami.\u00a0\u00a0\u00a0\u00a0\u00a0\u00a0 W tej kwestii okazali\u015bmy si\u0119 kawowymi tradycjonalistami. Pijemy g\u0142\u00f3wnie kaw\u0119 z mlekiem (57%), s\u0142odzon\u0105 (22%) lub po prostu czarn\u0105 (13%).<\/p>\n<p>Ale nie tylko nie wyobra\u017camy sobie kawy bez mleka czy cukru. R\u00f3wnie wa\u017cne jest w jakiej sytuacji j\u0105 pijemy, co w tym czasie robimy, co czytamy, z kim si\u0119 spotykamy.<br \/>\nKawa dla Polak\u00f3w, bior\u0105cych udzia\u0142 w badaniu jest czym\u015b prywatnym i intymnym. Pijemy j\u0105 g\u0142\u00f3wnie w domu (a\u017c 40% wybor\u00f3w) i najch\u0119tniej z ulubionego kubka &#8211; (54%).\u00a0\u00a0\u00a0\u00a0\u00a0\u00a0\u00a0\u00a0\u00a0 W drugiej kolejno\u015bci z fili\u017canki, ale co ciekawe, grupa wybieraj\u0105cych fili\u017cank\u0119 w\u015br\u00f3d m\u0119\u017cczyzn jest stosunkowo wi\u0119ksza (41%) ni\u017c w\u015br\u00f3d kobiet (36%).\u00a0\u00a0<br \/>\nWci\u0105\u017c istnieje grupa Polak\u00f3w przywi\u0105zana do picia kawy w szklance ? 5% badanych i robi\u0105 to cz\u0119\u015bciej m\u0119\u017cczy\u017ani (7%) ni\u017c kobiety (4%).<br \/>\nA gdzie najcz\u0119\u015bciej pijamy kaw\u0119:<\/p>\n<p>\u00a0\u00a0\u00a0\u00a0\u00a0\u00a0\u00a0\u00a0\u00a0\u00a0\u00a0\u00a0\u00a0\u00a0\u00a0\u00a0\u00a0\u00a0\u00a0\u00a0\u00a0\u00a0\u00a0\u00a0\u00a0\u00a0\u00a0\u00a0\u00a0\u00a0\u00a0\u00a0\u00a0\u00a0\u00a0\u00a0\u00a0\u00a0\u00a0 *W domu &#8211;\u00a0 41 %\u00a0\u00a0\u00a0\u00a0\u00a0\u00a0\u00a0\u00a0\u00a0\u00a0\u00a0\u00a0\u00a0\u00a0\u00a0\u00a0\u00a0\u00a0\u00a0\u00a0\u00a0\u00a0\u00a0\u00a0\u00a0\u00a0\u00a0\u00a0\u00a0\u00a0\u00a0\u00a0\u00a0\u00a0\u00a0\u00a0\u00a0\u00a0\u00a0\u00a0\u00a0\u00a0\u00a0\u00a0\u00a0\u00a0\u00a0\u00a0\u00a0\u00a0\u00a0\u00a0\u00a0\u00a0\u00a0\u00a0\u00a0\u00a0\u00a0\u00a0\u00a0\u00a0\u00a0\u00a0\u00a0\u00a0\u00a0\u00a0\u00a0\u00a0\u00a0\u00a0\u00a0\u00a0\u00a0\u00a0\u00a0\u00a0\u00a0\u00a0\u00a0\u00a0\u00a0\u00a0\u00a0\u00a0\u00a0\u00a0\u00a0\u00a0\u00a0\u00a0\u00a0\u00a0\u00a0\u00a0\u00a0\u00a0\u00a0\u00a0\u00a0\u00a0<br \/>\n\u00a0\u00a0\u00a0\u00a0\u00a0\u00a0\u00a0\u00a0\u00a0\u00a0\u00a0\u00a0\u00a0\u00a0\u00a0\u00a0\u00a0\u00a0\u00a0\u00a0\u00a0\u00a0\u00a0\u00a0\u00a0\u00a0\u00a0\u00a0\u00a0\u00a0\u00a0\u00a0\u00a0\u00a0\u00a0\u00a0\u00a0\u00a0\u00a0 *W przytulnej kawiarni lub cukierni\u00a0&#8211;\u00a0\u00a0\u00a0 4 %\u00a0\u00a0\u00a0\u00a0\u00a0\u00a0\u00a0\u00a0\u00a0\u00a0\u00a0\u00a0\u00a0\u00a0\u00a0\u00a0\u00a0\u00a0\u00a0\u00a0\u00a0\u00a0\u00a0\u00a0\u00a0\u00a0\u00a0\u00a0\u00a0\u00a0\u00a0\u00a0\u00a0\u00a0\u00a0\u00a0\u00a0\u00a0\u00a0\u00a0\u00a0\u00a0\u00a0\u00a0\u00a0\u00a0\u00a0\u00a0\u00a0\u00a0\u00a0\u00a0\u00a0\u00a0\u00a0\u00a0\u00a0\u00a0\u00a0\u00a0<br \/>\n\u00a0\u00a0\u00a0\u00a0\u00a0\u00a0\u00a0\u00a0\u00a0\u00a0\u00a0\u00a0\u00a0\u00a0\u00a0\u00a0\u00a0\u00a0\u00a0\u00a0\u00a0\u00a0\u00a0\u00a0\u00a0\u00a0\u00a0\u00a0\u00a0\u00a0\u00a0\u00a0\u00a0\u00a0\u00a0\u00a0\u00a0\u00a0\u00a0 *W modnej wielkomiejskiej sieciowej kawiarni\u00a0\u00a0&#8211;\u00a0 2 %\u00a0\u00a0\u00a0\u00a0\u00a0\u00a0\u00a0\u00a0\u00a0\u00a0\u00a0\u00a0\u00a0\u00a0\u00a0\u00a0\u00a0\u00a0\u00a0\u00a0\u00a0\u00a0\u00a0\u00a0\u00a0\u00a0\u00a0\u00a0\u00a0\u00a0\u00a0\u00a0\u00a0\u00a0\u00a0\u00a0\u00a0\u00a0\u00a0\u00a0\u00a0\u00a0\u00a0\u00a0<br \/>\n\u00a0\u00a0\u00a0\u00a0\u00a0\u00a0\u00a0\u00a0\u00a0\u00a0\u00a0\u00a0\u00a0\u00a0\u00a0\u00a0\u00a0\u00a0\u00a0\u00a0\u00a0\u00a0\u00a0\u00a0\u00a0\u00a0\u00a0\u00a0\u00a0\u00a0\u00a0\u00a0\u00a0\u00a0\u00a0\u00a0\u00a0\u00a0\u00a0\u00a0*W drodze, w biegu lub samochodzie\u00a0\u00a0&#8211;\u00a0 1 %\u00a0\u00a0\u00a0\u00a0\u00a0\u00a0\u00a0\u00a0\u00a0\u00a0\u00a0\u00a0\u00a0\u00a0\u00a0\u00a0\u00a0\u00a0\u00a0\u00a0\u00a0\u00a0\u00a0\u00a0\u00a0\u00a0\u00a0\u00a0\u00a0\u00a0\u00a0\u00a0\u00a0\u00a0\u00a0\u00a0\u00a0\u00a0\u00a0\u00a0\u00a0\u00a0\u00a0\u00a0\u00a0\u00a0\u00a0\u00a0\u00a0\u00a0\u00a0\u00a0\u00a0\u00a0\u00a0\u00a0\u00a0<br \/>\n\u00a0\u00a0\u00a0\u00a0\u00a0\u00a0\u00a0\u00a0\u00a0\u00a0\u00a0\u00a0\u00a0\u00a0\u00a0\u00a0\u00a0\u00a0\u00a0\u00a0\u00a0\u00a0\u00a0\u00a0\u00a0\u00a0\u00a0\u00a0\u00a0\u00a0\u00a0\u00a0\u00a0\u00a0\u00a0\u00a0\u00a0\u00a0\u00a0\u00a0*W pracy, to moja chwila odpoczynku\u00a0\u00a0\u00a0&#8211;\u00a0 21 %\u00a0\u00a0\u00a0\u00a0\u00a0\u00a0\u00a0\u00a0\u00a0\u00a0\u00a0\u00a0\u00a0\u00a0\u00a0\u00a0\u00a0\u00a0\u00a0\u00a0\u00a0\u00a0\u00a0\u00a0\u00a0\u00a0\u00a0\u00a0\u00a0\u00a0\u00a0\u00a0\u00a0\u00a0\u00a0\u00a0\u00a0\u00a0\u00a0\u00a0\u00a0\u00a0\u00a0\u00a0\u00a0\u00a0\u00a0\u00a0\u00a0\u00a0\u00a0\u00a0\u00a0\u00a0<\/p>\n<p>\u00a0\u00a0\u00a0\u00a0\u00a0\u00a0\u00a0\u00a0\u00a0\u00a0\u00a0\u00a0\u00a0\u00a0\u00a0\u00a0\u00a0\u00a0\u00a0\u00a0\u00a0\u00a0\u00a0\u00a0\u00a0\u00a0\u00a0\u00a0\u00a0\u00a0\u00a0\u00a0\u00a0\u00a0\u00a0\u00a0\u00a0\u00a0\u00a0 *I na koniec odpowied\u017a kawowych maniak\u00f3w: pij\u0119 kaw\u0119 zawsze i wsz\u0119dzie\u00a0&#8211; nie liczy si\u0119 miejsce, tylko dobra kawa!\u00a0\u00a0\u00a0\u00a0\u00a0&#8211; 31%<\/p>\n<p>Bywa, \u017ce\u00a0 kawa\u00a0\u00a0 towarzyszy nam przy lekturze ksi\u0105\u017cki lub gazety, ewentualnie pracy na laptopie (42 % odpowiedzi). Co ciekawe cz\u0119\u015bciej jest to sytuacja typowa dla m\u0119\u017cczyzn ni\u017c dla kobiet (40 % w\u015br\u00f3d kobiet i a\u017c ponad 50% w\u015br\u00f3d m\u0119\u017cczyzn).<br \/>\nNajmniejszym zainteresowaniem w\u015br\u00f3d pracuj\u0105cych Polak\u00f3w, i to niezale\u017cnie od p\u0142ci,\u00a0 cieszy si\u0119 kawa bezkofeinowa &#8211; wybiera j\u0105 taki sam odsetek w grupie m\u0119\u017cczyzn i kobiet (ok. 2%).<\/p>\n<p>Czy kogo\u015b z was pytano o porann\u0105 lub wieczorn\u0105 kaw\u0119, bo mnie nie. Ale mieszcz\u0119 si\u0119 w jednej z tych wymienionych grup. Lubi\u0119 espresso&#8230; \u00a0we W\u0142oszech!<\/p>\n","protected":false},"excerpt":{"rendered":"<p>Znana na rynku firma MK Cafe przeprowadzi\u0142a badania ankietowe, w kt\u00f3rych stawia\u0142a szereg pyta\u0144 dotycz\u0105cych picia kawy, wyboru ulubionego rodzaju, cz\u0119stotliwo\u015bci oraz obyczaju kawowego. W badaniu uczestniczy\u0142o niemal 19 tysi\u0119cy respondent\u00f3w. To imponuj\u0105ca liczba pozwalaj\u0105ca\u00a0 uzna\u0107 rezultaty ankiety za miarodajne. A s\u0105 one\u00a0 interesuj\u0105ce. Pierwsze pytanie dotyczy\u0142o kawy porannej.\u00a0 Ankietowani stwierdzili, \u017ce nie wyobra\u017caj\u0105 sobie [&hellip;]<\/p>\n","protected":false},"author":2,"featured_media":0,"comment_status":"open","ping_status":"open","sticky":false,"template":"","format":"standard","meta":{"footnotes":""},"categories":[1],"tags":[],"_links":{"self":[{"href":"https:\/\/blog.polityka.pl\/adamczewski\/wp-json\/wp\/v2\/posts\/2852"}],"collection":[{"href":"https:\/\/blog.polityka.pl\/adamczewski\/wp-json\/wp\/v2\/posts"}],"about":[{"href":"https:\/\/blog.polityka.pl\/adamczewski\/wp-json\/wp\/v2\/types\/post"}],"author":[{"embeddable":true,"href":"https:\/\/blog.polityka.pl\/adamczewski\/wp-json\/wp\/v2\/users\/2"}],"replies":[{"embeddable":true,"href":"https:\/\/blog.polityka.pl\/adamczewski\/wp-json\/wp\/v2\/comments?post=2852"}],"version-history":[{"count":5,"href":"https:\/\/blog.polityka.pl\/adamczewski\/wp-json\/wp\/v2\/posts\/2852\/revisions"}],"predecessor-version":[{"id":2855,"href":"https:\/\/blog.polityka.pl\/adamczewski\/wp-json\/wp\/v2\/posts\/2852\/revisions\/2855"}],"wp:attachment":[{"href":"https:\/\/blog.polityka.pl\/adamczewski\/wp-json\/wp\/v2\/media?parent=2852"}],"wp:term":[{"taxonomy":"category","embeddable":true,"href":"https:\/\/blog.polityka.pl\/adamczewski\/wp-json\/wp\/v2\/categories?post=2852"},{"taxonomy":"post_tag","embeddable":true,"href":"https:\/\/blog.polityka.pl\/adamczewski\/wp-json\/wp\/v2\/tags?post=2852"}],"curies":[{"name":"wp","href":"https:\/\/api.w.org\/{rel}","templated":true}]}}