
{"id":288,"date":"2007-07-25T12:39:17","date_gmt":"2007-07-25T10:39:17","guid":{"rendered":"http:\/\/adamczewski.blog.polityka.pl\/?p=288"},"modified":"2007-07-25T12:39:17","modified_gmt":"2007-07-25T10:39:17","slug":"gotuj-sie-piotr-adamczewski-zaprasza-na-cykorie-12","status":"publish","type":"post","link":"https:\/\/blog.polityka.pl\/adamczewski\/2007\/07\/25\/gotuj-sie-piotr-adamczewski-zaprasza-na-cykorie-12\/","title":{"rendered":"Gotuj si\u0119! Piotr Adamczewski zaprasza na cykori\u0119 (12)"},"content":{"rendered":"<p>Piotr Adamczewski pokazuje jak przyrz\u0105dzi\u0107 pyszn\u0105 cykori\u0119.<br \/>\n<object width=\"425\" height=\"350\"><param name=\"movie\" value=\"http:\/\/www.youtube.com\/v\/nTXYf40_Ffo\"><\/param><param name=\"wmode\" value=\"transparent\"><\/param><embed src=\"http:\/\/www.youtube.com\/v\/nTXYf40_Ffo\" type=\"application\/x-shockwave-flash\" wmode=\"transparent\" width=\"425\" height=\"350\"><\/embed><\/object><\/p>\n","protected":false},"excerpt":{"rendered":"<p>Piotr Adamczewski pokazuje jak przyrz\u0105dzi\u0107 pyszn\u0105 cykori\u0119.<\/p>\n","protected":false},"author":2,"featured_media":0,"comment_status":"open","ping_status":"open","sticky":false,"template":"","format":"standard","meta":{"footnotes":""},"categories":[1],"tags":[],"_links":{"self":[{"href":"https:\/\/blog.polityka.pl\/adamczewski\/wp-json\/wp\/v2\/posts\/288"}],"collection":[{"href":"https:\/\/blog.polityka.pl\/adamczewski\/wp-json\/wp\/v2\/posts"}],"about":[{"href":"https:\/\/blog.polityka.pl\/adamczewski\/wp-json\/wp\/v2\/types\/post"}],"author":[{"embeddable":true,"href":"https:\/\/blog.polityka.pl\/adamczewski\/wp-json\/wp\/v2\/users\/2"}],"replies":[{"embeddable":true,"href":"https:\/\/blog.polityka.pl\/adamczewski\/wp-json\/wp\/v2\/comments?post=288"}],"version-history":[{"count":0,"href":"https:\/\/blog.polityka.pl\/adamczewski\/wp-json\/wp\/v2\/posts\/288\/revisions"}],"wp:attachment":[{"href":"https:\/\/blog.polityka.pl\/adamczewski\/wp-json\/wp\/v2\/media?parent=288"}],"wp:term":[{"taxonomy":"category","embeddable":true,"href":"https:\/\/blog.polityka.pl\/adamczewski\/wp-json\/wp\/v2\/categories?post=288"},{"taxonomy":"post_tag","embeddable":true,"href":"https:\/\/blog.polityka.pl\/adamczewski\/wp-json\/wp\/v2\/tags?post=288"}],"curies":[{"name":"wp","href":"https:\/\/api.w.org\/{rel}","templated":true}]}}