
{"id":2888,"date":"2011-08-03T08:00:18","date_gmt":"2011-08-03T06:00:18","guid":{"rendered":"http:\/\/adamczewski.blog.polityka.pl\/?p=2888"},"modified":"2011-08-02T11:30:59","modified_gmt":"2011-08-02T09:30:59","slug":"grzybobranie-w-ogrodzie","status":"publish","type":"post","link":"https:\/\/blog.polityka.pl\/adamczewski\/2011\/08\/03\/grzybobranie-w-ogrodzie\/","title":{"rendered":"Grzybobranie w ogrodzie"},"content":{"rendered":"<p>S\u0142o\u0144ce wy\u0142azi i chowa si\u0119 ale jest ciep\u0142o. Wilgoci a\u017c za du\u017co. Na moim trawniku i pomi\u0119dzy sosnami wychylaj\u0105 si\u0119 br\u0105zowe pi\u0119kne \u0142ebki. Na cienkich n\u00f3\u017ckach to podgrzybki i zaj\u0105czki a na gruba\u015bnych prawdziwe grzyby czyli borowiki.<\/p>\n<p>Rado\u015b\u0107 z tego widoku zak\u0142\u00f3ca tylko fakt, \u017ce wi\u0119kszo\u015b\u0107 borowik\u00f3w jest robaczywa. Na szcz\u0119\u015bcie co trzeci bywa czysty. Mo\u017cna go zje\u015b\u0107 na surowo (carpaccio z borowik\u00f3w pokazywa\u0142em i opisywa\u0142em) lub poprostu ususzy\u0107.<\/p>\n<p>Sezon rozpocz\u0119ty i pierwszy s\u0142\u00f3j z suszonymi grzybami ju\u017c stoi w spi\u017carni. Teraz kilka z prawdziwk\u00f3w usma\u017c\u0119 na ma\u015ble a z podgrzybk\u00f3w b\u0119dzie zupa z \u0142azankami. Ca\u0142y dom pachnie grzybami.<\/p>\n<p>Szkoda, \u017ce nie ma zapach\u00f3w blogowych!<\/p>\n<p><a href=\"\/wp-content\/uploads\/2011\/08\/Grzyby-z-telefonem.jpg\"><img loading=\"lazy\" decoding=\"async\" class=\"aligncenter size-medium wp-image-2889\" title=\"OLYMPUS DIGITAL CAMERA\" src=\"\/wp-content\/uploads\/2011\/08\/Grzyby-z-telefonem-300x225.jpg\" alt=\"\" width=\"300\" height=\"225\" srcset=\"\/adamczewski\/wp-content\/uploads\/2011\/08\/Grzyby-z-telefonem-300x225.jpg 300w, \/adamczewski\/wp-content\/uploads\/2011\/08\/Grzyby-z-telefonem.jpg 640w\" sizes=\"(max-width: 300px) 100vw, 300px\" \/><\/a><\/p>\n<p><a href=\"\/wp-content\/uploads\/2011\/08\/Borowiki.jpg\"><img loading=\"lazy\" decoding=\"async\" class=\"aligncenter size-medium wp-image-2890\" title=\"OLYMPUS DIGITAL CAMERA\" src=\"\/wp-content\/uploads\/2011\/08\/Borowiki-300x225.jpg\" alt=\"\" width=\"300\" height=\"225\" srcset=\"\/adamczewski\/wp-content\/uploads\/2011\/08\/Borowiki-300x225.jpg 300w, \/adamczewski\/wp-content\/uploads\/2011\/08\/Borowiki.jpg 640w\" sizes=\"(max-width: 300px) 100vw, 300px\" \/><\/a><\/p>\n<p><a href=\"\/wp-content\/uploads\/2011\/08\/Borowik-i-r\u00f3\u017ce.jpg\"><img loading=\"lazy\" decoding=\"async\" class=\"aligncenter size-medium wp-image-2891\" title=\"OLYMPUS DIGITAL CAMERA\" src=\"\/wp-content\/uploads\/2011\/08\/Borowik-i-r\u00f3\u017ce-300x225.jpg\" alt=\"\" width=\"300\" height=\"225\" srcset=\"\/adamczewski\/wp-content\/uploads\/2011\/08\/Borowik-i-r\u00f3\u017ce-300x225.jpg 300w, \/adamczewski\/wp-content\/uploads\/2011\/08\/Borowik-i-r\u00f3\u017ce.jpg 640w\" sizes=\"(max-width: 300px) 100vw, 300px\" \/><\/a><\/p>\n<p><a href=\"\/wp-content\/uploads\/2011\/08\/Borowik-1.jpg\"><img loading=\"lazy\" decoding=\"async\" class=\"aligncenter size-medium wp-image-2892\" title=\"OLYMPUS DIGITAL CAMERA\" src=\"\/wp-content\/uploads\/2011\/08\/Borowik-1-300x225.jpg\" alt=\"\" width=\"300\" height=\"225\" srcset=\"\/adamczewski\/wp-content\/uploads\/2011\/08\/Borowik-1-300x225.jpg 300w, \/adamczewski\/wp-content\/uploads\/2011\/08\/Borowik-1.jpg 640w\" sizes=\"(max-width: 300px) 100vw, 300px\" \/><\/a><\/p>\n<p><a href=\"\/wp-content\/uploads\/2011\/08\/Borowik-gruby.jpg\"><img loading=\"lazy\" decoding=\"async\" class=\"aligncenter size-medium wp-image-2893\" title=\"OLYMPUS DIGITAL CAMERA\" src=\"\/wp-content\/uploads\/2011\/08\/Borowik-gruby-300x225.jpg\" alt=\"\" width=\"300\" height=\"225\" srcset=\"\/adamczewski\/wp-content\/uploads\/2011\/08\/Borowik-gruby-300x225.jpg 300w, \/adamczewski\/wp-content\/uploads\/2011\/08\/Borowik-gruby.jpg 640w\" sizes=\"(max-width: 300px) 100vw, 300px\" \/><\/a><\/p>\n<p>Warto wstawa\u0107 rano i w pi\u017camie pogania\u0107 po ogrodzie. A schylanie si\u0119 to \u015bwietna gimnastyka. Trzeba tylko mie\u0107 w\u0142a\u015bciw\u0105 motywacj\u0119 by \u0107wiczy\u0107 sk\u0142ony.<\/p>\n","protected":false},"excerpt":{"rendered":"<p>S\u0142o\u0144ce wy\u0142azi i chowa si\u0119 ale jest ciep\u0142o. Wilgoci a\u017c za du\u017co. Na moim trawniku i pomi\u0119dzy sosnami wychylaj\u0105 si\u0119 br\u0105zowe pi\u0119kne \u0142ebki. Na cienkich n\u00f3\u017ckach to podgrzybki i zaj\u0105czki a na gruba\u015bnych prawdziwe grzyby czyli borowiki. Rado\u015b\u0107 z tego widoku zak\u0142\u00f3ca tylko fakt, \u017ce wi\u0119kszo\u015b\u0107 borowik\u00f3w jest robaczywa. Na szcz\u0119\u015bcie co trzeci bywa czysty. [&hellip;]<\/p>\n","protected":false},"author":2,"featured_media":0,"comment_status":"open","ping_status":"open","sticky":false,"template":"","format":"standard","meta":{"footnotes":""},"categories":[1],"tags":[],"_links":{"self":[{"href":"https:\/\/blog.polityka.pl\/adamczewski\/wp-json\/wp\/v2\/posts\/2888"}],"collection":[{"href":"https:\/\/blog.polityka.pl\/adamczewski\/wp-json\/wp\/v2\/posts"}],"about":[{"href":"https:\/\/blog.polityka.pl\/adamczewski\/wp-json\/wp\/v2\/types\/post"}],"author":[{"embeddable":true,"href":"https:\/\/blog.polityka.pl\/adamczewski\/wp-json\/wp\/v2\/users\/2"}],"replies":[{"embeddable":true,"href":"https:\/\/blog.polityka.pl\/adamczewski\/wp-json\/wp\/v2\/comments?post=2888"}],"version-history":[{"count":3,"href":"https:\/\/blog.polityka.pl\/adamczewski\/wp-json\/wp\/v2\/posts\/2888\/revisions"}],"predecessor-version":[{"id":2897,"href":"https:\/\/blog.polityka.pl\/adamczewski\/wp-json\/wp\/v2\/posts\/2888\/revisions\/2897"}],"wp:attachment":[{"href":"https:\/\/blog.polityka.pl\/adamczewski\/wp-json\/wp\/v2\/media?parent=2888"}],"wp:term":[{"taxonomy":"category","embeddable":true,"href":"https:\/\/blog.polityka.pl\/adamczewski\/wp-json\/wp\/v2\/categories?post=2888"},{"taxonomy":"post_tag","embeddable":true,"href":"https:\/\/blog.polityka.pl\/adamczewski\/wp-json\/wp\/v2\/tags?post=2888"}],"curies":[{"name":"wp","href":"https:\/\/api.w.org\/{rel}","templated":true}]}}