
{"id":2912,"date":"2010-07-09T07:20:05","date_gmt":"2010-07-09T06:20:05","guid":{"rendered":"http:\/\/adamczewscy.pl\/?p=2912"},"modified":"2010-07-09T07:20:05","modified_gmt":"2010-07-09T06:20:05","slug":"zupa-ziolowo-serowa","status":"publish","type":"post","link":"https:\/\/blog.polityka.pl\/adamczewski\/2010\/07\/09\/zupa-ziolowo-serowa\/","title":{"rendered":"Zupa zio\u0142owo-serowa"},"content":{"rendered":"<p><em>P\u00f3\u0142 szklanki posiekanych r\u00f3\u017cnych zi\u00f3\u0142: koperku, lubczyku, tymianku, bazylii i zielonej pietruszki w takich proporcjach, aby dominowa\u0142o ulubione zi\u00f3\u0142ko, szklanka startego \u017c\u00f3\u0142tego sera, najlepiej kr\u00f3lewskiego, \u0142y\u017cka oliwy z oliwek, du\u017cy z\u0105bek czosnku, 4 szklanki bulionu wo\u0142owego lub ciel\u0119cego z kostki.<\/em> <\/p>\n<p>1. W garnku rozgrza\u0107 oliw\u0119, wrzuci\u0107 przekrojony na kawa\u0142ki czosnek, chwil\u0119 podgrzewa\u0107.<br \/>\n2. Do garnka doda\u0107 posiekane zio\u0142a oraz bulion i kiedy si\u0119 zagotuje doda\u0107 ser. Podgrzewa\u0107 zup\u0119 do momentu, kiedy stopi si\u0119 ser.<br \/>\nZup\u0119 zio\u0142owo-serowa podawa\u0107 z grzankami z bu\u0142ki lub groszkiem ptysiowym. <\/p>\n","protected":false},"excerpt":{"rendered":"<p>P\u00f3\u0142 szklanki posiekanych r\u00f3\u017cnych zi\u00f3\u0142: koperku, lubczyku, tymianku, bazylii i zielonej pietruszki w takich proporcjach, aby dominowa\u0142o ulubione zi\u00f3\u0142ko, szklanka startego \u017c\u00f3\u0142tego sera, najlepiej kr\u00f3lewskiego, \u0142y\u017cka oliwy z oliwek, du\u017cy z\u0105bek czosnku, 4 szklanki bulionu wo\u0142owego lub ciel\u0119cego z kostki. 1. W garnku rozgrza\u0107 oliw\u0119, wrzuci\u0107 przekrojony na kawa\u0142ki czosnek, chwil\u0119 podgrzewa\u0107. 2. Do garnka [&hellip;]<\/p>\n","protected":false},"author":2,"featured_media":0,"comment_status":"open","ping_status":"open","sticky":false,"template":"","format":"standard","meta":{"footnotes":""},"categories":[1],"tags":[],"_links":{"self":[{"href":"https:\/\/blog.polityka.pl\/adamczewski\/wp-json\/wp\/v2\/posts\/2912"}],"collection":[{"href":"https:\/\/blog.polityka.pl\/adamczewski\/wp-json\/wp\/v2\/posts"}],"about":[{"href":"https:\/\/blog.polityka.pl\/adamczewski\/wp-json\/wp\/v2\/types\/post"}],"author":[{"embeddable":true,"href":"https:\/\/blog.polityka.pl\/adamczewski\/wp-json\/wp\/v2\/users\/2"}],"replies":[{"embeddable":true,"href":"https:\/\/blog.polityka.pl\/adamczewski\/wp-json\/wp\/v2\/comments?post=2912"}],"version-history":[{"count":0,"href":"https:\/\/blog.polityka.pl\/adamczewski\/wp-json\/wp\/v2\/posts\/2912\/revisions"}],"wp:attachment":[{"href":"https:\/\/blog.polityka.pl\/adamczewski\/wp-json\/wp\/v2\/media?parent=2912"}],"wp:term":[{"taxonomy":"category","embeddable":true,"href":"https:\/\/blog.polityka.pl\/adamczewski\/wp-json\/wp\/v2\/categories?post=2912"},{"taxonomy":"post_tag","embeddable":true,"href":"https:\/\/blog.polityka.pl\/adamczewski\/wp-json\/wp\/v2\/tags?post=2912"}],"curies":[{"name":"wp","href":"https:\/\/api.w.org\/{rel}","templated":true}]}}