
{"id":2913,"date":"2010-07-09T07:21:07","date_gmt":"2010-07-09T06:21:07","guid":{"rendered":"http:\/\/adamczewscy.pl\/?p=2913"},"modified":"2010-07-09T07:21:07","modified_gmt":"2010-07-09T06:21:07","slug":"zawiniatka-z-kurczaka-i-sera","status":"publish","type":"post","link":"https:\/\/blog.polityka.pl\/adamczewski\/2010\/07\/09\/zawiniatka-z-kurczaka-i-sera\/","title":{"rendered":"Zawini\u0105tka z kurczaka i sera"},"content":{"rendered":"<p><em>2 piersi z kurczaka, 8 plasterk\u00f3w t\u0142ustego w\u0119dzonego boczku, \u0142y\u017ceczka zi\u00f3\u0142 prowansalskich, 2 grube plasterki \u017c\u00f3\u0142tego sera, 2 \u0142y\u017cki oliwy, s\u00f3l, pieprz<\/em><\/p>\n<p>1. Ka\u017cd\u0105 podw\u00f3jna pier\u015b podzieli\u0107 na 4 cz\u0119\u015bci, lekko zbi\u0107 drewnianym t\u0142uczkiem, posypa\u0107 zio\u0142ami prowansalskimi, sol\u0105 i pieprzem.<br \/>\n2. Plasterki sera pokroi\u0107 na 8 s\u0142upk\u00f3w, u\u0142o\u017cy\u0107 po jednym na plastrach mi\u0119sa, zwin\u0105\u0107 w ruloniki.<br \/>\n3. Ruloniki mi\u0119sa owin\u0105\u0107 plasterkami w\u0119dzonego boczku, spi\u0105\u0107 wyka\u0142aczkami. U\u0142o\u017cy\u0107 na blaszce posmarowanej oliw\u0105.<br \/>\n4. W nagrzanym do 180 st C piec, a\u017c boczek wyra\u017anie si\u0119 zrumieni, to jest oko\u0142o15-20 minut.<br \/>\nJest to zar\u00f3wno doskona\u0142e danie na gor\u0105co jak przek\u0105ska na zimno. <\/p>\n","protected":false},"excerpt":{"rendered":"<p>2 piersi z kurczaka, 8 plasterk\u00f3w t\u0142ustego w\u0119dzonego boczku, \u0142y\u017ceczka zi\u00f3\u0142 prowansalskich, 2 grube plasterki \u017c\u00f3\u0142tego sera, 2 \u0142y\u017cki oliwy, s\u00f3l, pieprz 1. Ka\u017cd\u0105 podw\u00f3jna pier\u015b podzieli\u0107 na 4 cz\u0119\u015bci, lekko zbi\u0107 drewnianym t\u0142uczkiem, posypa\u0107 zio\u0142ami prowansalskimi, sol\u0105 i pieprzem. 2. Plasterki sera pokroi\u0107 na 8 s\u0142upk\u00f3w, u\u0142o\u017cy\u0107 po jednym na plastrach mi\u0119sa, zwin\u0105\u0107 w [&hellip;]<\/p>\n","protected":false},"author":2,"featured_media":0,"comment_status":"open","ping_status":"open","sticky":false,"template":"","format":"standard","meta":{"footnotes":""},"categories":[1],"tags":[],"_links":{"self":[{"href":"https:\/\/blog.polityka.pl\/adamczewski\/wp-json\/wp\/v2\/posts\/2913"}],"collection":[{"href":"https:\/\/blog.polityka.pl\/adamczewski\/wp-json\/wp\/v2\/posts"}],"about":[{"href":"https:\/\/blog.polityka.pl\/adamczewski\/wp-json\/wp\/v2\/types\/post"}],"author":[{"embeddable":true,"href":"https:\/\/blog.polityka.pl\/adamczewski\/wp-json\/wp\/v2\/users\/2"}],"replies":[{"embeddable":true,"href":"https:\/\/blog.polityka.pl\/adamczewski\/wp-json\/wp\/v2\/comments?post=2913"}],"version-history":[{"count":0,"href":"https:\/\/blog.polityka.pl\/adamczewski\/wp-json\/wp\/v2\/posts\/2913\/revisions"}],"wp:attachment":[{"href":"https:\/\/blog.polityka.pl\/adamczewski\/wp-json\/wp\/v2\/media?parent=2913"}],"wp:term":[{"taxonomy":"category","embeddable":true,"href":"https:\/\/blog.polityka.pl\/adamczewski\/wp-json\/wp\/v2\/categories?post=2913"},{"taxonomy":"post_tag","embeddable":true,"href":"https:\/\/blog.polityka.pl\/adamczewski\/wp-json\/wp\/v2\/tags?post=2913"}],"curies":[{"name":"wp","href":"https:\/\/api.w.org\/{rel}","templated":true}]}}