
{"id":30,"date":"2006-09-06T11:06:36","date_gmt":"2006-09-06T09:06:36","guid":{"rendered":"http:\/\/adamczewski.blog.polityka.pl\/?p=30"},"modified":"2006-09-06T11:06:36","modified_gmt":"2006-09-06T09:06:36","slug":"zgadnij-co-gotujemy-4","status":"publish","type":"post","link":"https:\/\/blog.polityka.pl\/adamczewski\/2006\/09\/06\/zgadnij-co-gotujemy-4\/","title":{"rendered":"Zgadnij co gotujemy? (4)"},"content":{"rendered":"<p>Po raz\u00a0czwarty postaram si\u0119 rozbawi\u0107 Was zagadkami. Oto tycz\u0105ca si\u0119 kulinari\u00f3w seria pyta\u0144.\u00a0Kto pierwszy przy\u015ble prawid\u0142owe odpowiedzi na adres <a href=\"mailto:internet@polityka.com.pl\">internet@polityka.com.pl<\/a> &#8211; otrzyma ksi\u0105\u017ck\u0119 kulinarn\u0105 z dedykacj\u0105 i autografem. Dwie oficyny: Nowy \u015awiat oraz Pr\u00f3szy\u0144ski i S-ka przeznaczy\u0142y na nagrody ksi\u0105\u017cki nas obydwojga, czyli Adamczewskich.<\/p>\n<p>* <strong>\u0141upacz<\/strong> to:<br \/>\na) przyrz\u0105d do \u0142upania orzech\u00f3w;\u00a0<br \/>\nb) ryba atlantycka z rodziny dorszy;\u00a0<br \/>\nc)\u00a0 tort z wielu warstw wafli i czekolady.<\/p>\n<p>* <strong>Turbot<\/strong>\u00a0 to:\u00a0<br \/>\na) ryba\u00a0 wygl\u0105daj\u0105ca jak du\u017ca fl\u0105dra;\u00a0\u00a0<br \/>\nb) przyrz\u0105d do mielenia i kruszenia twardych ser\u00f3w;\u00a0<br \/>\nc) turecki deser z miodu i owoc\u00f3w<\/p>\n<p>* <strong>Auszpik<\/strong>\u00a0 to:<br \/>\na) szpikulec do badania twardo\u015bci pieczonego mi\u0119sa;\u00a0<br \/>\nb) galareta;\u00a0<br \/>\nc)\u00a0szef kelner\u00f3w w luksusowej restauracji.<\/p>\n","protected":false},"excerpt":{"rendered":"<p>Po raz\u00a0czwarty postaram si\u0119 rozbawi\u0107 Was zagadkami. Oto tycz\u0105ca si\u0119 kulinari\u00f3w seria pyta\u0144.\u00a0Kto pierwszy przy\u015ble prawid\u0142owe odpowiedzi na adres internet@polityka.com.pl &#8211; otrzyma ksi\u0105\u017ck\u0119 kulinarn\u0105 z dedykacj\u0105 i autografem. Dwie oficyny: Nowy \u015awiat oraz Pr\u00f3szy\u0144ski i S-ka przeznaczy\u0142y na nagrody ksi\u0105\u017cki nas obydwojga, czyli Adamczewskich. * \u0141upacz to: a) przyrz\u0105d do \u0142upania orzech\u00f3w;\u00a0 b) ryba atlantycka [&hellip;]<\/p>\n","protected":false},"author":2,"featured_media":0,"comment_status":"open","ping_status":"open","sticky":false,"template":"","format":"standard","meta":{"footnotes":""},"categories":[1],"tags":[],"_links":{"self":[{"href":"https:\/\/blog.polityka.pl\/adamczewski\/wp-json\/wp\/v2\/posts\/30"}],"collection":[{"href":"https:\/\/blog.polityka.pl\/adamczewski\/wp-json\/wp\/v2\/posts"}],"about":[{"href":"https:\/\/blog.polityka.pl\/adamczewski\/wp-json\/wp\/v2\/types\/post"}],"author":[{"embeddable":true,"href":"https:\/\/blog.polityka.pl\/adamczewski\/wp-json\/wp\/v2\/users\/2"}],"replies":[{"embeddable":true,"href":"https:\/\/blog.polityka.pl\/adamczewski\/wp-json\/wp\/v2\/comments?post=30"}],"version-history":[{"count":0,"href":"https:\/\/blog.polityka.pl\/adamczewski\/wp-json\/wp\/v2\/posts\/30\/revisions"}],"wp:attachment":[{"href":"https:\/\/blog.polityka.pl\/adamczewski\/wp-json\/wp\/v2\/media?parent=30"}],"wp:term":[{"taxonomy":"category","embeddable":true,"href":"https:\/\/blog.polityka.pl\/adamczewski\/wp-json\/wp\/v2\/categories?post=30"},{"taxonomy":"post_tag","embeddable":true,"href":"https:\/\/blog.polityka.pl\/adamczewski\/wp-json\/wp\/v2\/tags?post=30"}],"curies":[{"name":"wp","href":"https:\/\/api.w.org\/{rel}","templated":true}]}}