
{"id":3000,"date":"2010-10-07T17:28:21","date_gmt":"2010-10-07T16:28:21","guid":{"rendered":"http:\/\/adamczewscy.pl\/?p=3000"},"modified":"2010-10-07T17:28:21","modified_gmt":"2010-10-07T16:28:21","slug":"ciasto-z-serkiem","status":"publish","type":"post","link":"https:\/\/blog.polityka.pl\/adamczewski\/2010\/10\/07\/ciasto-z-serkiem\/","title":{"rendered":"Ciasto z serkiem"},"content":{"rendered":"<p><em>3\/4  kostki mas\u0142a, p\u00f3\u0142torej szklanki cukru,200 gramowy pojemniczek  serka homogenizowanego,4 jaja, p\u00f3\u0142 szklanki \u015bmietany 12-proc.,3 szklanki m\u0105ki,2 \u0142y\u017ceczki proszku do pieczenia, cukier waniliowy,3 \u0142y\u017cki rodzynek<br \/>\nDo posmarowania formy: \u0142y\u017ceczka mas\u0142a<br \/>\nDo wysypania formy: 2 \u0142y\u017cki tartej bu\u0142ki.<\/em><\/p>\n<p>1.Mas\u0142o zmiksowa\u0107 z cukrem, nast\u0119pnie dodawa\u0107 serek, \u017c\u00f3\u0142tka i \u015bmietan\u0119.<br \/>\n2.Ubi\u0107 z bia\u0142ek i szczypty soli sztywn\u0105 pian\u0119.<br \/>\n3.Po\u0142aczy\u0107 pian\u0119 ze zmiksowanym mas\u0142em i ucieraj\u0105c dodawa\u0107 wymieszan\u0105 z proszkiem  do pieczenia m\u0105k\u0119 oraz cukier waniliowy, na koniec  doda\u0107 rodzynki i jeszcze raz wymiesza\u0107.<br \/>\n4.Do posmarowanej mas\u0142em i wysypanej tart\u0105 bu\u0142k\u0105 formy prze\u0142o\u017cy\u0107 ciasto.<br \/>\n5.Nagrza\u0107 piekarnik do temperatury 170 st. C i piec ciasto 50 minut.<\/p>\n","protected":false},"excerpt":{"rendered":"<p>3\/4 kostki mas\u0142a, p\u00f3\u0142torej szklanki cukru,200 gramowy pojemniczek serka homogenizowanego,4 jaja, p\u00f3\u0142 szklanki \u015bmietany 12-proc.,3 szklanki m\u0105ki,2 \u0142y\u017ceczki proszku do pieczenia, cukier waniliowy,3 \u0142y\u017cki rodzynek Do posmarowania formy: \u0142y\u017ceczka mas\u0142a Do wysypania formy: 2 \u0142y\u017cki tartej bu\u0142ki. 1.Mas\u0142o zmiksowa\u0107 z cukrem, nast\u0119pnie dodawa\u0107 serek, \u017c\u00f3\u0142tka i \u015bmietan\u0119. 2.Ubi\u0107 z bia\u0142ek i szczypty soli sztywn\u0105 pian\u0119. [&hellip;]<\/p>\n","protected":false},"author":2,"featured_media":0,"comment_status":"open","ping_status":"open","sticky":false,"template":"","format":"standard","meta":{"footnotes":""},"categories":[1],"tags":[],"_links":{"self":[{"href":"https:\/\/blog.polityka.pl\/adamczewski\/wp-json\/wp\/v2\/posts\/3000"}],"collection":[{"href":"https:\/\/blog.polityka.pl\/adamczewski\/wp-json\/wp\/v2\/posts"}],"about":[{"href":"https:\/\/blog.polityka.pl\/adamczewski\/wp-json\/wp\/v2\/types\/post"}],"author":[{"embeddable":true,"href":"https:\/\/blog.polityka.pl\/adamczewski\/wp-json\/wp\/v2\/users\/2"}],"replies":[{"embeddable":true,"href":"https:\/\/blog.polityka.pl\/adamczewski\/wp-json\/wp\/v2\/comments?post=3000"}],"version-history":[{"count":0,"href":"https:\/\/blog.polityka.pl\/adamczewski\/wp-json\/wp\/v2\/posts\/3000\/revisions"}],"wp:attachment":[{"href":"https:\/\/blog.polityka.pl\/adamczewski\/wp-json\/wp\/v2\/media?parent=3000"}],"wp:term":[{"taxonomy":"category","embeddable":true,"href":"https:\/\/blog.polityka.pl\/adamczewski\/wp-json\/wp\/v2\/categories?post=3000"},{"taxonomy":"post_tag","embeddable":true,"href":"https:\/\/blog.polityka.pl\/adamczewski\/wp-json\/wp\/v2\/tags?post=3000"}],"curies":[{"name":"wp","href":"https:\/\/api.w.org\/{rel}","templated":true}]}}