
{"id":3012,"date":"2011-08-06T08:00:24","date_gmt":"2011-08-06T06:00:24","guid":{"rendered":"http:\/\/adamczewski.blog.polityka.pl\/?p=3012"},"modified":"2011-08-25T15:42:27","modified_gmt":"2011-08-25T13:42:27","slug":"zdesperowany-kawaler-brzytwy-sie-chwyta","status":"publish","type":"post","link":"https:\/\/blog.polityka.pl\/adamczewski\/2011\/08\/06\/zdesperowany-kawaler-brzytwy-sie-chwyta\/","title":{"rendered":"Zdesperowany kawaler brzytwy si\u0119 chwyta"},"content":{"rendered":"<p>Smutne jest \u017cycie starego kawalera. (Cho\u0107 nie wszyscy tak uwa\u017caj\u0105, bo singli stale przybywa.) Przed laty, np. w wieku XIX, samotno\u015b\u0107 czasem doprowadza\u0142a m\u0119\u017cczyzn do desperacji. Oto og\u0142oszenie trzydziestolatka wydrukowane w &#8222;Kurjerze Warszawskim&#8221; w roku 1890. Znalaz\u0142em je w ksi\u0105\u017cce Agnieszki Lisak pt.&#8221;Mi\u0142o\u015b\u0107, kobieta i ma\u0142\u017ce\u0144stwo w XIX wieku&#8221;:<\/p>\n<p>&#8222;Znudzony nieustannemi nagabywaniami ze strony moich wierzycieli oraz doprowadzony do rozpaczy restauracyjnymi fryturami, pragn\u0119 wst\u0105pi\u0107 w zwi\u0105zek ma\u0142\u017ce\u0144ski z osob\u0105, kt\u00f3raby od tych plag egipskich uwolni\u0107 mnie chcia\u0142a. Mam lat 31, awanturnik, birbant i hulaka. Po o\u017cenieniu na pewno si\u0119 ustatkuj\u0119. Zdrowie dobre. Od przysz\u0142ej \u017cony wymagam g\u0142\u00f3wnie dw\u00f3ch rzeczy: wykszta\u0142cenia, gdy\u017c w szablonowej g\u0105sce nie m\u00f3g\u0142bym si\u0119 rozmi\u0142owa\u0107, i minimum 15 000 rs. posagu, potrzebnych dla uregulowania moich interes\u00f3w. Bezpiecze\u0144stwo dla posagu wska\u017c\u0119 p\u00f3\u017aniej. Fotogr\u0105fja niepotrzebna, gdy\u017c uroda z sympatyczn\u0105 powierzchowno\u015bci\u0105 nie zawsze chodzi w parze. Osoba nie zra\u017cona moj\u0105 otwarto\u015bci\u0105, kt\u00f3ra zechcia\u0142aby nawi\u0105za\u0107 ze mn\u0105 korespondencj\u0119 celem bli\u017cszego poznania oraz om\u00f3wienia warunk\u00f3w, raczy nades\u0142a\u0107 listposte-restante pod adresem.&#8221;<\/p>\n<p>Niestety autorka ksi\u0105\u017cki nie pisze nic o rezultatach tego og\u0142oszenia. A przecie\u017c dalszy los g\u0142odnego m\u0142odzie\u0144ca jest taki interesujacy.<\/p>\n","protected":false},"excerpt":{"rendered":"<p>Smutne jest \u017cycie starego kawalera. (Cho\u0107 nie wszyscy tak uwa\u017caj\u0105, bo singli stale przybywa.) Przed laty, np. w wieku XIX, samotno\u015b\u0107 czasem doprowadza\u0142a m\u0119\u017cczyzn do desperacji. Oto og\u0142oszenie trzydziestolatka wydrukowane w &#8222;Kurjerze Warszawskim&#8221; w roku 1890. Znalaz\u0142em je w ksi\u0105\u017cce Agnieszki Lisak pt.&#8221;Mi\u0142o\u015b\u0107, kobieta i ma\u0142\u017ce\u0144stwo w XIX wieku&#8221;: &#8222;Znudzony nieustannemi nagabywaniami ze strony moich [&hellip;]<\/p>\n","protected":false},"author":2,"featured_media":0,"comment_status":"open","ping_status":"open","sticky":false,"template":"","format":"standard","meta":{"footnotes":""},"categories":[1],"tags":[],"_links":{"self":[{"href":"https:\/\/blog.polityka.pl\/adamczewski\/wp-json\/wp\/v2\/posts\/3012"}],"collection":[{"href":"https:\/\/blog.polityka.pl\/adamczewski\/wp-json\/wp\/v2\/posts"}],"about":[{"href":"https:\/\/blog.polityka.pl\/adamczewski\/wp-json\/wp\/v2\/types\/post"}],"author":[{"embeddable":true,"href":"https:\/\/blog.polityka.pl\/adamczewski\/wp-json\/wp\/v2\/users\/2"}],"replies":[{"embeddable":true,"href":"https:\/\/blog.polityka.pl\/adamczewski\/wp-json\/wp\/v2\/comments?post=3012"}],"version-history":[{"count":2,"href":"https:\/\/blog.polityka.pl\/adamczewski\/wp-json\/wp\/v2\/posts\/3012\/revisions"}],"predecessor-version":[{"id":3014,"href":"https:\/\/blog.polityka.pl\/adamczewski\/wp-json\/wp\/v2\/posts\/3012\/revisions\/3014"}],"wp:attachment":[{"href":"https:\/\/blog.polityka.pl\/adamczewski\/wp-json\/wp\/v2\/media?parent=3012"}],"wp:term":[{"taxonomy":"category","embeddable":true,"href":"https:\/\/blog.polityka.pl\/adamczewski\/wp-json\/wp\/v2\/categories?post=3012"},{"taxonomy":"post_tag","embeddable":true,"href":"https:\/\/blog.polityka.pl\/adamczewski\/wp-json\/wp\/v2\/tags?post=3012"}],"curies":[{"name":"wp","href":"https:\/\/api.w.org\/{rel}","templated":true}]}}