
{"id":3038,"date":"2010-11-19T07:45:11","date_gmt":"2010-11-19T06:45:11","guid":{"rendered":"http:\/\/adamczewscy.pl\/?p=3038"},"modified":"2010-11-19T07:45:11","modified_gmt":"2010-11-19T06:45:11","slug":"wstegi-z-dynia-podsmazana","status":"publish","type":"post","link":"https:\/\/blog.polityka.pl\/adamczewski\/2010\/11\/19\/wstegi-z-dynia-podsmazana\/","title":{"rendered":"Wst\u0119gi z dyni\u0105 podsma\u017can\u0105"},"content":{"rendered":"<p><em>Paczka szerokiego makaronu (tagliatelle lub papardelle), \u0107wier\u0107 paczki rukoli, 1 kg dojrza\u0142ej dyni (bez sk\u00f3rki i pestek), \u0107wier\u0107 kostki mas\u0142a, 2 \u0142y\u017cki oliwy z oliwek, 2 z\u0105bki czosnku, szklanka struganego w p\u0142atki parmezanu, s\u00f3l, \u015bwie\u017co mielony bia\u0142y pieprz<\/em><\/p>\n<p>1. Mi\u0105\u017csz dyni pokroi\u0107 w kostki o boku do 2 cm.<br \/>\n2. Na patelni rozgrza\u0107 mas\u0142o, zrumieni\u0107 na nim dyniowe kostki, doprawi\u0107 sol\u0105, pieprzem.<br \/>\n3. Makaron ugotowa\u0107 w du\u017cej ilo\u015bci osolonej lekko wody, odcedzi\u0107, doda\u0107 wyci\u015bni\u0119ty przez prask\u0119 czosnek, wymiesza\u0107, nast\u0119pnie doda\u0107 dyniowe kostki i wymiesza\u0107 ostro\u017cnie, aby nie popsu\u0107 ich kszta\u0142tu.<br \/>\n4. Makaron posypa\u0107 parmezanem w p\u0142atkach oraz rukol\u0105. <\/p>\n","protected":false},"excerpt":{"rendered":"<p>Paczka szerokiego makaronu (tagliatelle lub papardelle), \u0107wier\u0107 paczki rukoli, 1 kg dojrza\u0142ej dyni (bez sk\u00f3rki i pestek), \u0107wier\u0107 kostki mas\u0142a, 2 \u0142y\u017cki oliwy z oliwek, 2 z\u0105bki czosnku, szklanka struganego w p\u0142atki parmezanu, s\u00f3l, \u015bwie\u017co mielony bia\u0142y pieprz 1. Mi\u0105\u017csz dyni pokroi\u0107 w kostki o boku do 2 cm. 2. Na patelni rozgrza\u0107 mas\u0142o, zrumieni\u0107 [&hellip;]<\/p>\n","protected":false},"author":2,"featured_media":0,"comment_status":"open","ping_status":"open","sticky":false,"template":"","format":"standard","meta":{"footnotes":""},"categories":[1],"tags":[],"_links":{"self":[{"href":"https:\/\/blog.polityka.pl\/adamczewski\/wp-json\/wp\/v2\/posts\/3038"}],"collection":[{"href":"https:\/\/blog.polityka.pl\/adamczewski\/wp-json\/wp\/v2\/posts"}],"about":[{"href":"https:\/\/blog.polityka.pl\/adamczewski\/wp-json\/wp\/v2\/types\/post"}],"author":[{"embeddable":true,"href":"https:\/\/blog.polityka.pl\/adamczewski\/wp-json\/wp\/v2\/users\/2"}],"replies":[{"embeddable":true,"href":"https:\/\/blog.polityka.pl\/adamczewski\/wp-json\/wp\/v2\/comments?post=3038"}],"version-history":[{"count":0,"href":"https:\/\/blog.polityka.pl\/adamczewski\/wp-json\/wp\/v2\/posts\/3038\/revisions"}],"wp:attachment":[{"href":"https:\/\/blog.polityka.pl\/adamczewski\/wp-json\/wp\/v2\/media?parent=3038"}],"wp:term":[{"taxonomy":"category","embeddable":true,"href":"https:\/\/blog.polityka.pl\/adamczewski\/wp-json\/wp\/v2\/categories?post=3038"},{"taxonomy":"post_tag","embeddable":true,"href":"https:\/\/blog.polityka.pl\/adamczewski\/wp-json\/wp\/v2\/tags?post=3038"}],"curies":[{"name":"wp","href":"https:\/\/api.w.org\/{rel}","templated":true}]}}