
{"id":304,"date":"2007-08-22T08:00:06","date_gmt":"2007-08-22T06:00:06","guid":{"rendered":"http:\/\/adamczewski.blog.polityka.pl\/?p=304"},"modified":"2007-08-18T16:45:13","modified_gmt":"2007-08-18T14:45:13","slug":"zgadnij-co-gotujemy-54","status":"publish","type":"post","link":"https:\/\/blog.polityka.pl\/adamczewski\/2007\/08\/22\/zgadnij-co-gotujemy-54\/","title":{"rendered":"Zgadnij co gotujemy? (54)"},"content":{"rendered":"<p>W miniony pi\u0105tek sporo emocji wzbudzi\u0142a dyskusja o potrawach, kt\u00f3rymi karmi\u0142y nas mamy a zw\u0142aszcza babcie. Te zapami\u0119tane z dzieci\u0144stwa smaki zawsze wprawiaj\u0105 nas w dobry nastr\u00f3j i zach\u0119caj\u0105 do tego, by je odtworzy\u0107. A to jest wielce trudne. Czy wr\u0119cz niemo\u017cliwe. Czas dzieci\u0144stwa bowiem min\u0105\u0142 bezpowrotnie i mo\u017cemy tylko o nim opowiada\u0107: pami\u0119tasz babcine pyzy, albo zwyk\u0142\u0105 gotowan\u0105 kur\u0119 w potrawce. Teraz nie ma takich kur, a o pyzach nikt nawet nie m\u00f3wi&#8230; Ta dyskusja podsun\u0119\u0142a mi pomys\u0142 na dzisiejszy quiz. A nagrod\u0105 b\u0119dzie &#8211; to oczywiste jak mawia pewien polityk &#8211; ksi\u0105\u017cka Barbary Adamczewskiej i Beaty Meller &#8222;W kuchni babci i wnuczki&#8221; wydana przez Nowy \u015awiat. A oto pytania:<\/p>\n<p>1. Czy wiesz  co to jest kulesza?<br \/>\n2. Zupa nic to jest co\u015b ale sk\u0105d ta nazwa?<br \/>\n3. Czy mrowisko mo\u017cna zje\u015b\u0107 i jak to wygl\u0105da?<br \/>\nNie powinny te pytania sprawi\u0107 specjalnego k\u0142opotu. Czekam wi\u0119c na odpowiedzi by przekaza\u0107 listonoszowi ksi\u0105\u017ck\u0119 dedykacj\u0105 autorki i autografami nas obydwojga. A przepisy tam opublikowane s\u0105 w u\u017cyciu w naszych rodzinach i przyjaci\u00f3\u0142 od ponad 150 lat. I to z dobrym skutkiem. Przypominam wi\u0119c adres: internet@polityka.com.pl<\/p>\n","protected":false},"excerpt":{"rendered":"<p>W miniony pi\u0105tek sporo emocji wzbudzi\u0142a dyskusja o potrawach, kt\u00f3rymi karmi\u0142y nas mamy a zw\u0142aszcza babcie. Te zapami\u0119tane z dzieci\u0144stwa smaki zawsze wprawiaj\u0105 nas w dobry nastr\u00f3j i zach\u0119caj\u0105 do tego, by je odtworzy\u0107. A to jest wielce trudne. Czy wr\u0119cz niemo\u017cliwe. Czas dzieci\u0144stwa bowiem min\u0105\u0142 bezpowrotnie i mo\u017cemy tylko o nim opowiada\u0107: pami\u0119tasz babcine [&hellip;]<\/p>\n","protected":false},"author":2,"featured_media":0,"comment_status":"open","ping_status":"open","sticky":false,"template":"","format":"standard","meta":{"footnotes":""},"categories":[1],"tags":[],"_links":{"self":[{"href":"https:\/\/blog.polityka.pl\/adamczewski\/wp-json\/wp\/v2\/posts\/304"}],"collection":[{"href":"https:\/\/blog.polityka.pl\/adamczewski\/wp-json\/wp\/v2\/posts"}],"about":[{"href":"https:\/\/blog.polityka.pl\/adamczewski\/wp-json\/wp\/v2\/types\/post"}],"author":[{"embeddable":true,"href":"https:\/\/blog.polityka.pl\/adamczewski\/wp-json\/wp\/v2\/users\/2"}],"replies":[{"embeddable":true,"href":"https:\/\/blog.polityka.pl\/adamczewski\/wp-json\/wp\/v2\/comments?post=304"}],"version-history":[{"count":0,"href":"https:\/\/blog.polityka.pl\/adamczewski\/wp-json\/wp\/v2\/posts\/304\/revisions"}],"wp:attachment":[{"href":"https:\/\/blog.polityka.pl\/adamczewski\/wp-json\/wp\/v2\/media?parent=304"}],"wp:term":[{"taxonomy":"category","embeddable":true,"href":"https:\/\/blog.polityka.pl\/adamczewski\/wp-json\/wp\/v2\/categories?post=304"},{"taxonomy":"post_tag","embeddable":true,"href":"https:\/\/blog.polityka.pl\/adamczewski\/wp-json\/wp\/v2\/tags?post=304"}],"curies":[{"name":"wp","href":"https:\/\/api.w.org\/{rel}","templated":true}]}}