
{"id":3048,"date":"2011-09-03T08:00:20","date_gmt":"2011-09-03T06:00:20","guid":{"rendered":"http:\/\/adamczewski.blog.polityka.pl\/?p=3048"},"modified":"2011-08-30T17:37:33","modified_gmt":"2011-08-30T15:37:33","slug":"v-miedzynarodowy-zjazd-%e2%80%9egotuj-sie%e2%80%9d-uwazam-za-otwarty-albo-zamkniety","status":"publish","type":"post","link":"https:\/\/blog.polityka.pl\/adamczewski\/2011\/09\/03\/v-miedzynarodowy-zjazd-%e2%80%9egotuj-sie%e2%80%9d-uwazam-za-otwarty-albo-zamkniety\/","title":{"rendered":"V Mi\u0119dzynarodowy Zjazd &#8222;Gotuj si\u0119!&#8221; uwa\u017cam za otwarty, albo zamkni\u0119ty!"},"content":{"rendered":"<p><a href=\"\/wp-content\/uploads\/2011\/08\/Ryby-w-Instytucie-Gastronomii.jpg\"><\/a><a href=\"\/wp-content\/uploads\/2011\/08\/Stare-Stavanger.jpg\"><img loading=\"lazy\" decoding=\"async\" class=\"aligncenter size-medium wp-image-3053\" title=\"OLYMPUS DIGITAL CAMERA\" src=\"\/wp-content\/uploads\/2011\/08\/Stare-Stavanger-300x225.jpg\" alt=\"\" width=\"300\" height=\"225\" srcset=\"\/adamczewski\/wp-content\/uploads\/2011\/08\/Stare-Stavanger-300x225.jpg 300w, \/adamczewski\/wp-content\/uploads\/2011\/08\/Stare-Stavanger.jpg 640w\" sizes=\"(max-width: 300px) 100vw, 300px\" \/><\/a><em>Stare Stavanger\u00a0<\/em><\/p>\n<p>Oba cz\u0142ony tytu\u0142u s\u0105 wa\u017cne. Tylko zale\u017cy kiedy kto to czyta: je\u015bli w sobot\u0119\u00a0&#8211; to pocz\u0105tek, je\u015bli w niedziel\u0119\u00a0&#8211; to zbli\u017ca si\u0119 smutek po\u017cegnania.<br \/>\nOkoliczno\u015bci (g\u0142\u00f3wnie rodzinne, bo zawsze twierdzi\u0142em, \u017ce dzieci s\u0105 zaka\u0142\u0105 ludzko\u015bci) zmusi\u0142y nas do opuszczenia V Zjazdu. Mamy jednak nadziej\u0119, \u017ce szczeg\u00f3\u0142owe sprawozdania wynagrodz\u0105 nam nieobecno\u015b\u0107 cho\u0107 w cz\u0119\u015bci. Stawimy si\u0119 w komplecie za rok!<\/p>\n<p>Wam za\u015b Zjazdowicze \u017cyczymy smacznego, pysznych rozm\u00f3w, mi\u0142ej lektury (gwarantowanej przez &#8222;Polityk\u0119&#8221;) i ogniska bez komar\u00f3w.<\/p>\n<p><a href=\"\/wp-content\/uploads\/2011\/08\/Nad-fioredem.jpg\"><img loading=\"lazy\" decoding=\"async\" class=\"aligncenter size-medium wp-image-3049\" title=\"OLYMPUS DIGITAL CAMERA\" src=\"\/wp-content\/uploads\/2011\/08\/Nad-fioredem-300x225.jpg\" alt=\"\" width=\"300\" height=\"225\" srcset=\"\/adamczewski\/wp-content\/uploads\/2011\/08\/Nad-fioredem-300x225.jpg 300w, \/adamczewski\/wp-content\/uploads\/2011\/08\/Nad-fioredem.jpg 640w\" sizes=\"(max-width: 300px) 100vw, 300px\" \/><\/a><\/p>\n<p><em>Za plecami 604 m przepa\u015bci a potem morze<\/em><\/p>\n<p>Korzystaj\u0105c za\u015b ze \u015bwi\u0105tecznej okazji do\u0142\u0105czam par\u0119 zdj\u0119\u0107 z Norwegii, w kt\u00f3rej zg\u0142\u0119biali\u015bmy tajniki hodowli \u0142ososi i dorszy w okolicach Stavanger. Zajadali\u015bmy si\u0119 oczywi\u015bcie daniami rybnymi a kilogramy tracili\u015bmy wspinaj\u0105c si\u0119 na ska\u0142\u0119 stercz\u0105c\u0105 nad fiordem na wysoko\u015b\u0107 604 m. To Preikestolen.<\/p>\n<p><a href=\"\/wp-content\/uploads\/2011\/08\/Basia-pod-latarni\u0105...-morsk\u0105.jpg\"><img loading=\"lazy\" decoding=\"async\" class=\"aligncenter size-medium wp-image-3050\" title=\"OLYMPUS DIGITAL CAMERA\" src=\"\/wp-content\/uploads\/2011\/08\/Basia-pod-latarni\u0105...-morsk\u0105-225x300.jpg\" alt=\"\" width=\"225\" height=\"300\" srcset=\"\/adamczewski\/wp-content\/uploads\/2011\/08\/Basia-pod-latarni\u0105...-morsk\u0105-225x300.jpg 225w, \/adamczewski\/wp-content\/uploads\/2011\/08\/Basia-pod-latarni\u0105...-morsk\u0105.jpg 360w\" sizes=\"(max-width: 225px) 100vw, 225px\" \/><\/a><\/p>\n<p><em>Basia pod latarni\u0105 morsk\u0105 na wyspie Kvitsoy<\/em><\/p>\n<p>Wej\u015bcie kosztowa\u0142o nas par\u0119 litr\u00f3w potu, wiele strachu i 3 godziny marszu w g\u00f3r\u0119. Zej\u015bcie wprawdzie tylko dwie godziny ale chyba jeszcze trudniejsze, bo spore kawa\u0142ki trzeba z\u0142azi\u0107 ty\u0142em. Wprawili\u015bmy w zdumienie swoj\u0105 determinacj\u0105 towarzyszy wyprawy ale tak\u017ce i&#8230; siebie.<\/p>\n<p><a href=\"\/wp-content\/uploads\/2011\/08\/Zupa-rybna-z-polaka-u-nas-to-czerniak.jpg\"><img loading=\"lazy\" decoding=\"async\" class=\"aligncenter size-medium wp-image-3051\" title=\"OLYMPUS DIGITAL CAMERA\" src=\"\/wp-content\/uploads\/2011\/08\/Zupa-rybna-z-polaka-u-nas-to-czerniak-300x225.jpg\" alt=\"\" width=\"300\" height=\"225\" srcset=\"\/adamczewski\/wp-content\/uploads\/2011\/08\/Zupa-rybna-z-polaka-u-nas-to-czerniak-300x225.jpg 300w, \/adamczewski\/wp-content\/uploads\/2011\/08\/Zupa-rybna-z-polaka-u-nas-to-czerniak.jpg 640w\" sizes=\"(max-width: 300px) 100vw, 300px\" \/><\/a><\/p>\n<p><em>Zupa z pollacka (to znany nam czarniak) z\u00a0pulpetem z dorsza<\/em><\/p>\n<p>Teraz pora na Was. Wspinajcie si\u0119 jak najwy\u017cej, utrzymajcie si\u0119 na szczycie te\u017c jak najd\u0142u\u017cej i z\u0142a\u017acie wolno a ostro\u017cnie.<\/p>\n<p>Chyba ju\u017c pora na toast: Niech si\u0119 \u015bwi\u0119ci Zjazd tych, kt\u00f3rzy wiedz\u0105 jak \u017cy\u0107!<\/p>\n<p>\u00a0<a href=\"\/wp-content\/uploads\/2011\/08\/Ryby-w-Instytucie-Gastronomii1.jpg\"><img loading=\"lazy\" decoding=\"async\" class=\"aligncenter size-medium wp-image-3056\" title=\"OLYMPUS DIGITAL CAMERA\" src=\"\/wp-content\/uploads\/2011\/08\/Ryby-w-Instytucie-Gastronomii1-300x225.jpg\" alt=\"\" width=\"300\" height=\"225\" srcset=\"\/adamczewski\/wp-content\/uploads\/2011\/08\/Ryby-w-Instytucie-Gastronomii1-300x225.jpg 300w, \/adamczewski\/wp-content\/uploads\/2011\/08\/Ryby-w-Instytucie-Gastronomii1.jpg 640w\" sizes=\"(max-width: 300px) 100vw, 300px\" \/><\/a><br \/>\n<em>\u0141oso\u015b, makrela, tro\u0107, dorsz &#8211; same smako\u0142yki<\/em><\/p>\n","protected":false},"excerpt":{"rendered":"<p>Stare Stavanger\u00a0 Oba cz\u0142ony tytu\u0142u s\u0105 wa\u017cne. Tylko zale\u017cy kiedy kto to czyta: je\u015bli w sobot\u0119\u00a0&#8211; to pocz\u0105tek, je\u015bli w niedziel\u0119\u00a0&#8211; to zbli\u017ca si\u0119 smutek po\u017cegnania. Okoliczno\u015bci (g\u0142\u00f3wnie rodzinne, bo zawsze twierdzi\u0142em, \u017ce dzieci s\u0105 zaka\u0142\u0105 ludzko\u015bci) zmusi\u0142y nas do opuszczenia V Zjazdu. Mamy jednak nadziej\u0119, \u017ce szczeg\u00f3\u0142owe sprawozdania wynagrodz\u0105 nam nieobecno\u015b\u0107 cho\u0107 w cz\u0119\u015bci. [&hellip;]<\/p>\n","protected":false},"author":2,"featured_media":0,"comment_status":"open","ping_status":"open","sticky":false,"template":"","format":"standard","meta":{"footnotes":""},"categories":[1],"tags":[],"_links":{"self":[{"href":"https:\/\/blog.polityka.pl\/adamczewski\/wp-json\/wp\/v2\/posts\/3048"}],"collection":[{"href":"https:\/\/blog.polityka.pl\/adamczewski\/wp-json\/wp\/v2\/posts"}],"about":[{"href":"https:\/\/blog.polityka.pl\/adamczewski\/wp-json\/wp\/v2\/types\/post"}],"author":[{"embeddable":true,"href":"https:\/\/blog.polityka.pl\/adamczewski\/wp-json\/wp\/v2\/users\/2"}],"replies":[{"embeddable":true,"href":"https:\/\/blog.polityka.pl\/adamczewski\/wp-json\/wp\/v2\/comments?post=3048"}],"version-history":[{"count":5,"href":"https:\/\/blog.polityka.pl\/adamczewski\/wp-json\/wp\/v2\/posts\/3048\/revisions"}],"predecessor-version":[{"id":3061,"href":"https:\/\/blog.polityka.pl\/adamczewski\/wp-json\/wp\/v2\/posts\/3048\/revisions\/3061"}],"wp:attachment":[{"href":"https:\/\/blog.polityka.pl\/adamczewski\/wp-json\/wp\/v2\/media?parent=3048"}],"wp:term":[{"taxonomy":"category","embeddable":true,"href":"https:\/\/blog.polityka.pl\/adamczewski\/wp-json\/wp\/v2\/categories?post=3048"},{"taxonomy":"post_tag","embeddable":true,"href":"https:\/\/blog.polityka.pl\/adamczewski\/wp-json\/wp\/v2\/tags?post=3048"}],"curies":[{"name":"wp","href":"https:\/\/api.w.org\/{rel}","templated":true}]}}