
{"id":3063,"date":"2011-09-20T08:12:42","date_gmt":"2011-09-20T06:12:42","guid":{"rendered":"http:\/\/adamczewski.blog.polityka.pl\/?p=3063"},"modified":"2011-09-20T08:15:01","modified_gmt":"2011-09-20T06:15:01","slug":"zaczne-od-konca%e2%80%a6","status":"publish","type":"post","link":"https:\/\/blog.polityka.pl\/adamczewski\/2011\/09\/20\/zaczne-od-konca%e2%80%a6\/","title":{"rendered":"Zaczn\u0119 od ko\u0144ca&#8230;"},"content":{"rendered":"<p>&#8230;\u00a0a koniec by\u0142 szcz\u0119\u015bliwy. Dojechali\u015bmy do domu pokonuj\u0105c ponad dwa tysi\u0105ce kilometr\u00f3w przez W\u0142ochy, Austri\u0119, Czechy i Polsk\u0119 bez przeszk\u00f3d ale i bez zb\u0119dnych przerw (przepraszam paOLOre za milczenie ale chyba mnie zrozumiesz). I nie by\u0142oby w tym nic dziwnego, gdyby nie fakt, \u017ce jechali\u015bmy samochodem bez \u017cadnych dokument\u00f3w. Moja karta rejestracyjna wozu, ubezpieczenie, dow\u00f3d osobisty, pieni\u0105dze i karty kredytowe pad\u0142y \u0142upem sprawnego z\u0142odzieja operuj\u0105cego na dworcu kolejowym w Nicei.<br \/>\nSprowadzenie wt\u00f3rnik\u00f3w z Polski nie by\u0142o mo\u017cliwe. Jedyna rada\u00a0&#8211; tak\u017ce zdaniem pracownik\u00f3w konsulatu w Mediolanie\u00a0&#8211; to spokojna i zgodna z przepisami jazda do domu (byle nie przez Szwajcari\u0119). Tak te\u017c zrobili\u015bmy i jeste\u015bmy. A teraz nas czeka \u017cmudna droga odtwarzania utraconych dokument\u00f3w. Pieni\u0119dzy niestety nie!<br \/>\nKu przestrodze w\u0119drownik\u00f3w opisz\u0119 ten ko\u0144cowy, niemi\u0142y incydent. I mam nadziej\u0119, \u017ce ustrzeg\u0119 w ten spos\u00f3b par\u0119 nierozwa\u017cnych os\u00f3b nosz\u0105cych w jednym portfelu wszystko razem.<br \/>\nJedn\u0105 z ostatnich wycieczek odbyli\u015bmy poci\u0105giem. Do Nicei jedzie si\u0119 wzd\u0142u\u017c wybrze\u017ca i tylko liczne tunele odbieraj\u0105 mo\u017cliwo\u015b\u0107 podziwiania morza oraz miejscowo\u015bci.<br \/>\nSpacer po Nicei te\u017c jest wielk\u0105 przyjemno\u015bci\u0105. Z jednej strony wspaniale sklepy umo\u017cliwiaj\u0105ce kupno upomink\u00f3w dla rodziny i przyjaci\u00f3\u0142 a z drugiej bulwar Angielski ci\u0105gn\u0105cy si\u0119 nad pla\u017cami pe\u0142nymi rado\u015bnie opalaj\u0105cych si\u0119 i kapi\u0105cych ludzi.<br \/>\nPo w\u0119dr\u00f3wce i zakupach wyl\u0105dowali\u015bmy w upatrzonym wcze\u015bniej lokalu\u00a0&#8211; Grand Balcon\u00a0&#8211; specjalizuj\u0105cym si\u0119 w kuchni morskiej. Trafili\u015bmy na dzie\u0144 truflowy i ca\u0142a ulica pachnia\u0142a jak d\u0119bowy las pe\u0142en tych cudnych grzyb\u00f3w rosn\u0105cych pod ziemi\u0105.<br \/>\nZjedli\u015bmy przegrzebki i risotto, oczywi\u015bcie oba dania z truflami. Nie \u017ca\u0142owali\u015bmy wydanej na to kwoty. A rozs\u0105dnie by by\u0142o poszale\u0107 jeszcze bardziej.<br \/>\nNa dworcu by\u0142o do\u015b\u0107 t\u0142oczno. Kupowali\u015bmy w kiosku wod\u0119 mineraln\u0105 na podr\u00f3\u017c grzebi\u0105c w portfelu i porz\u0105dkuj\u0105c banknoty. Portfel w\u0142o\u017cy\u0142em do zapinanej kieszeni mieszcz\u0105cej si\u0119 do\u015b\u0107 nisko na nogawce spodni.<br \/>\nGdy poci\u0105g ruszy\u0142 odezwa\u0142a si\u0119 moja kom\u00f3rka i pracownica banku zapyta\u0142a czy mam k\u0142opoty z podj\u0119ciem pieni\u0119dzy, bo myl\u0119 sw\u00f3j PIN. Z\u0142apa\u0142em si\u0119 za kiesze\u0144: by\u0142a odpi\u0119ta i pusta.<br \/>\nDzi\u0119ki szybkiemu dzia\u0142aniu mojego banku (dzi\u0119kuj\u0119 Fortis BNP Parisbas) karty zablokowano, zastrze\u017cono tak\u017ce i dokumenty osobiste. Straci\u0142em wi\u0119c tylko to co by\u0142o w portfelu. Od tej pory b\u0119d\u0119 nosi\u0142 dokumenty oddzielone od pieni\u0119dzy a karty jeszcze gdzie indziej. Troch\u0119 to utrudnia moment p\u0142acenia ale utrudnia tak\u017ce robot\u0119 kieszonkowcowi.<\/p>\n<p><a href=\"\/wp-content\/uploads\/2011\/09\/Ultima-cena-a-Sirmione.jpg\"><img loading=\"lazy\" decoding=\"async\" class=\"aligncenter size-medium wp-image-3066\" title=\"OLYMPUS DIGITAL CAMERA\" src=\"\/wp-content\/uploads\/2011\/09\/Ultima-cena-a-Sirmione-300x225.jpg\" alt=\"\" width=\"300\" height=\"225\" srcset=\"\/adamczewski\/wp-content\/uploads\/2011\/09\/Ultima-cena-a-Sirmione-300x225.jpg 300w, \/adamczewski\/wp-content\/uploads\/2011\/09\/Ultima-cena-a-Sirmione.jpg 640w\" sizes=\"(max-width: 300px) 100vw, 300px\" \/><\/a><\/p>\n<p><em>Kolacja w Sirmione<\/em><\/p>\n<p>Odwiedzili\u015bmy natychmiast po powrocie do Pietra Ligure komisariat Karabinier\u00f3w, gdzie spisano dokument, kt\u00f3ry by\u0142 moim jedynym \u015bwiadectwem posiadania auta i potwierdzeniem rabunku.<\/p>\n<p><a href=\"\/wp-content\/uploads\/2011\/09\/Twierdza-w-Sirmione.jpg\"><img loading=\"lazy\" decoding=\"async\" class=\"aligncenter size-medium wp-image-3064\" title=\"OLYMPUS DIGITAL CAMERA\" src=\"\/wp-content\/uploads\/2011\/09\/Twierdza-w-Sirmione-300x225.jpg\" alt=\"\" width=\"300\" height=\"225\" srcset=\"\/adamczewski\/wp-content\/uploads\/2011\/09\/Twierdza-w-Sirmione-300x225.jpg 300w, \/adamczewski\/wp-content\/uploads\/2011\/09\/Twierdza-w-Sirmione.jpg 640w\" sizes=\"(max-width: 300px) 100vw, 300px\" \/><\/a><br \/>\n<em>Twierdza na ko\u0144cu p\u00f3lwyspu<\/em><\/p>\n<p>W drodze powrotnej zatrzymali\u015bmy si\u0119 na noc w Sirmione nad Jeziorem Garda gdzie podziwiali\u015bmy wspania\u0142\u0105 twierdz\u0119 i pi\u0119kne miasteczko staraj\u0105c si\u0119 zapomnie\u0107 o niemi\u0142ej przygodzie.<\/p>\n<p><a href=\"\/wp-content\/uploads\/2011\/09\/Sirmione-i-bugenville.jpg\"><img loading=\"lazy\" decoding=\"async\" class=\"aligncenter size-medium wp-image-3065\" title=\"OLYMPUS DIGITAL CAMERA\" src=\"\/wp-content\/uploads\/2011\/09\/Sirmione-i-bugenville-225x300.jpg\" alt=\"\" width=\"225\" height=\"300\" srcset=\"\/adamczewski\/wp-content\/uploads\/2011\/09\/Sirmione-i-bugenville-225x300.jpg 225w, \/adamczewski\/wp-content\/uploads\/2011\/09\/Sirmione-i-bugenville.jpg 360w\" sizes=\"(max-width: 225px) 100vw, 225px\" \/><\/a><\/p>\n","protected":false},"excerpt":{"rendered":"<p>&#8230;\u00a0a koniec by\u0142 szcz\u0119\u015bliwy. Dojechali\u015bmy do domu pokonuj\u0105c ponad dwa tysi\u0105ce kilometr\u00f3w przez W\u0142ochy, Austri\u0119, Czechy i Polsk\u0119 bez przeszk\u00f3d ale i bez zb\u0119dnych przerw (przepraszam paOLOre za milczenie ale chyba mnie zrozumiesz). I nie by\u0142oby w tym nic dziwnego, gdyby nie fakt, \u017ce jechali\u015bmy samochodem bez \u017cadnych dokument\u00f3w. Moja karta rejestracyjna wozu, ubezpieczenie, dow\u00f3d [&hellip;]<\/p>\n","protected":false},"author":2,"featured_media":0,"comment_status":"open","ping_status":"open","sticky":false,"template":"","format":"standard","meta":{"footnotes":""},"categories":[1],"tags":[],"_links":{"self":[{"href":"https:\/\/blog.polityka.pl\/adamczewski\/wp-json\/wp\/v2\/posts\/3063"}],"collection":[{"href":"https:\/\/blog.polityka.pl\/adamczewski\/wp-json\/wp\/v2\/posts"}],"about":[{"href":"https:\/\/blog.polityka.pl\/adamczewski\/wp-json\/wp\/v2\/types\/post"}],"author":[{"embeddable":true,"href":"https:\/\/blog.polityka.pl\/adamczewski\/wp-json\/wp\/v2\/users\/2"}],"replies":[{"embeddable":true,"href":"https:\/\/blog.polityka.pl\/adamczewski\/wp-json\/wp\/v2\/comments?post=3063"}],"version-history":[{"count":3,"href":"https:\/\/blog.polityka.pl\/adamczewski\/wp-json\/wp\/v2\/posts\/3063\/revisions"}],"predecessor-version":[{"id":3068,"href":"https:\/\/blog.polityka.pl\/adamczewski\/wp-json\/wp\/v2\/posts\/3063\/revisions\/3068"}],"wp:attachment":[{"href":"https:\/\/blog.polityka.pl\/adamczewski\/wp-json\/wp\/v2\/media?parent=3063"}],"wp:term":[{"taxonomy":"category","embeddable":true,"href":"https:\/\/blog.polityka.pl\/adamczewski\/wp-json\/wp\/v2\/categories?post=3063"},{"taxonomy":"post_tag","embeddable":true,"href":"https:\/\/blog.polityka.pl\/adamczewski\/wp-json\/wp\/v2\/tags?post=3063"}],"curies":[{"name":"wp","href":"https:\/\/api.w.org\/{rel}","templated":true}]}}