
{"id":3070,"date":"2010-12-27T08:04:44","date_gmt":"2010-12-27T07:04:44","guid":{"rendered":"http:\/\/adamczewscy.pl\/?p=3070"},"modified":"2010-12-27T08:04:44","modified_gmt":"2010-12-27T07:04:44","slug":"makaron-z-innym-pesto","status":"publish","type":"post","link":"https:\/\/blog.polityka.pl\/adamczewski\/2010\/12\/27\/makaron-z-innym-pesto\/","title":{"rendered":"Makaron z innym pesto"},"content":{"rendered":"<p><em>Opakowanie makaronu \u015bwiderki, dwie \u015brednie cukinie, 2 du\u017ce marchwie<br \/>\nNa sos: gar\u015b\u0107 listk\u00f3w kolendry, p\u00f3\u0142 szklanki oliwy z oliwek, 2 \u0142y\u017cki orzeszk\u00f3w piniowych, 2 z\u0105bki czosnku, p\u00f3\u0142 szklanki startego parmezanu, \u015bwie\u017co mielony pieprz, s\u00f3l<\/em><\/p>\n<p>1. Przygotowa\u0107 sos: zmiksowa\u0107 li\u015bcie kolendry z przeci\u015bni\u0119tym przez prask\u0119 czosnkiem, orzeszkami i oliw\u0105, doprawi\u0107 sol\u0105 i pieprzem, doda\u0107 parmezan i starannie wymiesza\u0107.<br \/>\n2. Cukinie i marchew pokroi\u0107 w d\u0142ugie, szerokie paski przy pomocy \u0142opatki do krojenia ser\u00f3w.<br \/>\n3. Makaron ugotowa\u0107 w lekko posolonej wodzie; na 2 minuty przed podanym w przepisie zako\u0144czeniem gotowania doda\u0107 marchew i cukinie, po tym czasie razem odcedzi\u0107 na durszlaku.<br \/>\n4. W garnku po ugotowaniu makaronu umie\u015bci\u0107 makaron z warzywami, doda\u0107 sos i starannie wszystko razem wymiesza\u0107, lekko podgrza\u0107 na silnym ogniu. <\/p>\n","protected":false},"excerpt":{"rendered":"<p>Opakowanie makaronu \u015bwiderki, dwie \u015brednie cukinie, 2 du\u017ce marchwie Na sos: gar\u015b\u0107 listk\u00f3w kolendry, p\u00f3\u0142 szklanki oliwy z oliwek, 2 \u0142y\u017cki orzeszk\u00f3w piniowych, 2 z\u0105bki czosnku, p\u00f3\u0142 szklanki startego parmezanu, \u015bwie\u017co mielony pieprz, s\u00f3l 1. Przygotowa\u0107 sos: zmiksowa\u0107 li\u015bcie kolendry z przeci\u015bni\u0119tym przez prask\u0119 czosnkiem, orzeszkami i oliw\u0105, doprawi\u0107 sol\u0105 i pieprzem, doda\u0107 parmezan i [&hellip;]<\/p>\n","protected":false},"author":2,"featured_media":0,"comment_status":"open","ping_status":"open","sticky":false,"template":"","format":"standard","meta":{"footnotes":""},"categories":[1],"tags":[],"_links":{"self":[{"href":"https:\/\/blog.polityka.pl\/adamczewski\/wp-json\/wp\/v2\/posts\/3070"}],"collection":[{"href":"https:\/\/blog.polityka.pl\/adamczewski\/wp-json\/wp\/v2\/posts"}],"about":[{"href":"https:\/\/blog.polityka.pl\/adamczewski\/wp-json\/wp\/v2\/types\/post"}],"author":[{"embeddable":true,"href":"https:\/\/blog.polityka.pl\/adamczewski\/wp-json\/wp\/v2\/users\/2"}],"replies":[{"embeddable":true,"href":"https:\/\/blog.polityka.pl\/adamczewski\/wp-json\/wp\/v2\/comments?post=3070"}],"version-history":[{"count":0,"href":"https:\/\/blog.polityka.pl\/adamczewski\/wp-json\/wp\/v2\/posts\/3070\/revisions"}],"wp:attachment":[{"href":"https:\/\/blog.polityka.pl\/adamczewski\/wp-json\/wp\/v2\/media?parent=3070"}],"wp:term":[{"taxonomy":"category","embeddable":true,"href":"https:\/\/blog.polityka.pl\/adamczewski\/wp-json\/wp\/v2\/categories?post=3070"},{"taxonomy":"post_tag","embeddable":true,"href":"https:\/\/blog.polityka.pl\/adamczewski\/wp-json\/wp\/v2\/tags?post=3070"}],"curies":[{"name":"wp","href":"https:\/\/api.w.org\/{rel}","templated":true}]}}