
{"id":3080,"date":"2011-09-22T08:00:47","date_gmt":"2011-09-22T06:00:47","guid":{"rendered":"http:\/\/adamczewski.blog.polityka.pl\/?p=3080"},"modified":"2011-09-22T15:52:59","modified_gmt":"2011-09-22T13:52:59","slug":"widok-z-mojego-balkonu","status":"publish","type":"post","link":"https:\/\/blog.polityka.pl\/adamczewski\/2011\/09\/22\/widok-z-mojego-balkonu\/","title":{"rendered":"Widok z mojego balkonu"},"content":{"rendered":"<p><a href=\"\/wp-content\/uploads\/2011\/09\/Widok-z-balkonu.jpg\"><img loading=\"lazy\" decoding=\"async\" class=\"aligncenter size-medium wp-image-3081\" title=\"OLYMPUS DIGITAL CAMERA\" src=\"\/wp-content\/uploads\/2011\/09\/Widok-z-balkonu-300x225.jpg\" alt=\"\" width=\"300\" height=\"225\" srcset=\"\/adamczewski\/wp-content\/uploads\/2011\/09\/Widok-z-balkonu-300x225.jpg 300w, \/adamczewski\/wp-content\/uploads\/2011\/09\/Widok-z-balkonu.jpg 640w\" sizes=\"(max-width: 300px) 100vw, 300px\" \/><\/a><\/p>\n<p>Pietra Ligure ci\u0105gnie si\u0119 wzd\u0142u\u017c wybrze\u017ca. Troch\u0119 te\u017c wchodzi w g\u00f3rki, kt\u00f3re otaczaj\u0105 t\u0119 cz\u0119\u015b\u0107 wybrze\u017ca Italii. Dom, w kt\u00f3rym wynaj\u0119li\u015bmy mieszkanie sta\u0142 zaledwie 300 m od pla\u017cy, na lekkim stoku nad miastem, z widokiem na morze w oddali i g\u00f3rki z lewej oraz prawej. Pod domem by\u0142 basen (nie korzystali\u015bmy, bo lepsza k\u0105piel w ciep\u0142ym morzu) i restauracja (te\u017c nie korzystali\u015bmy, bo woleli\u015bmy jada\u0107 codziennie gdzie indziej i tam gdzie tubylcy).<\/p>\n<p><a href=\"\/wp-content\/uploads\/2011\/09\/Frito-misto-di-pesce.jpg\"><img loading=\"lazy\" decoding=\"async\" class=\"aligncenter size-medium wp-image-3082\" title=\"OLYMPUS DIGITAL CAMERA\" src=\"\/wp-content\/uploads\/2011\/09\/Frito-misto-di-pesce-300x225.jpg\" alt=\"\" width=\"300\" height=\"225\" srcset=\"\/adamczewski\/wp-content\/uploads\/2011\/09\/Frito-misto-di-pesce-300x225.jpg 300w, \/adamczewski\/wp-content\/uploads\/2011\/09\/Frito-misto-di-pesce.jpg 640w\" sizes=\"(max-width: 300px) 100vw, 300px\" \/><\/a><\/p>\n<p><em>Frito misto di pesce<\/em><\/p>\n<p>Odwiedzili\u015bmy wi\u0119c 14 lokali, z kt\u00f3rych za najlepszy uznali\u015bmy Buca di Bacco\u00a0 a za najsympatyczniejszy Da Mimmo. To rozr\u00f3\u017cnienie jest istotne. Najsmaczniejsze potrawy zjedli\u015bmy bowiem w G\u0119bie Bachusa ale troch\u0119 nam przeszkadza\u0142 w\u0142a\u015bciciel, kt\u00f3ry do\u015b\u0107\u00a0 natr\u0119tnie troszczy\u0142 si\u0119 o go\u015bci i czasem usi\u0142owa\u0142 zmusi\u0107 ich do zmiany zam\u00f3wienia wg. w\u0142asnego gustu.<\/p>\n<p>W Da Mimmo dania by\u0142y\u00a0 czasem podane z op\u00f3\u017anieniem, czasem nawet pomylone ale kelnerzy i w\u0142a\u015bciciele nie byli pozerscy i naprawd\u0119 troszczyli si\u0119 o to by nam smakowa\u0142o. A frito misto di pesce i tu, i tu by\u0142o fantastyczne.<\/p>\n<p><a href=\"\/wp-content\/uploads\/2011\/09\/Ostrygi-moja-mi\u0142o\u015b\u0107.jpg\"><img loading=\"lazy\" decoding=\"async\" class=\"aligncenter size-medium wp-image-3083\" title=\"OLYMPUS DIGITAL CAMERA\" src=\"\/wp-content\/uploads\/2011\/09\/Ostrygi-moja-mi\u0142o\u015b\u0107-300x225.jpg\" alt=\"\" width=\"300\" height=\"225\" srcset=\"\/adamczewski\/wp-content\/uploads\/2011\/09\/Ostrygi-moja-mi\u0142o\u015b\u0107-300x225.jpg 300w, \/adamczewski\/wp-content\/uploads\/2011\/09\/Ostrygi-moja-mi\u0142o\u015b\u0107.jpg 640w\" sizes=\"(max-width: 300px) 100vw, 300px\" \/><\/a><\/p>\n<p><em>Ostrygi &#8211; moja mi\u0142o\u015b\u0107<\/em><\/p>\n<p>W Da Mimmo nie by\u0142o w karcie ostryg, kt\u00f3re ja uwielbiam wi\u0119c szef pobieg\u0142 do s\u0105siada i przyni\u00f3s\u0142 ich p\u00f3\u0142 tuzina bez \u017cadnych dodatkowych koszt\u00f3w. To mi\u0142e.<\/p>\n<p>Sp\u0119dzali\u015bmy pierwsze poranne godziny ( po \u015bniadaniu zjadanym w domu) na pla\u017cy sma\u017c\u0105c si\u0119 w 30 stopniowym upale i ch\u0142odz\u0105c w ciep\u0142ym morzu. Potem wracaj\u0105c do domu na sjest\u0119 kupowali\u015bmy focacci\u0119 lub bagietk\u0119, owoce i mortadel\u0119 lub prosciuto na skromny lunch i na kolejne \u015bniadanie. Potem nast\u0119powa\u0142a drzemka, lektura (mieli\u015bmy &#8222;Dziennik&#8221; Jana J\u00f3zefa Szczepa\u0144skiego czyli dwa gruba\u015bne ciekawe tomiska) i popo\u0142udniowa wycieczka do s\u0105siaduj\u0105cych miasteczek np. najbli\u017cszego pi\u0119knego Loano.<br \/>\nPo powrocie i prysznicu wyprawa na kolacj\u0119 czyli frutti di mare i liguryjskie bia\u0142e wino.<\/p>\n<p>By\u0142y tak\u017ce dwie ca\u0142odzienne wycieczki: do Piemontu (wa\u017cne dla mi\u0142o\u015bnik\u00f3w wina, bo do Barbaresco)\u00a0i do Nicei. Ale o tym innym razem.<\/p>\n","protected":false},"excerpt":{"rendered":"<p>Pietra Ligure ci\u0105gnie si\u0119 wzd\u0142u\u017c wybrze\u017ca. Troch\u0119 te\u017c wchodzi w g\u00f3rki, kt\u00f3re otaczaj\u0105 t\u0119 cz\u0119\u015b\u0107 wybrze\u017ca Italii. Dom, w kt\u00f3rym wynaj\u0119li\u015bmy mieszkanie sta\u0142 zaledwie 300 m od pla\u017cy, na lekkim stoku nad miastem, z widokiem na morze w oddali i g\u00f3rki z lewej oraz prawej. Pod domem by\u0142 basen (nie korzystali\u015bmy, bo lepsza k\u0105piel w [&hellip;]<\/p>\n","protected":false},"author":2,"featured_media":0,"comment_status":"open","ping_status":"open","sticky":false,"template":"","format":"standard","meta":{"footnotes":""},"categories":[1],"tags":[],"_links":{"self":[{"href":"https:\/\/blog.polityka.pl\/adamczewski\/wp-json\/wp\/v2\/posts\/3080"}],"collection":[{"href":"https:\/\/blog.polityka.pl\/adamczewski\/wp-json\/wp\/v2\/posts"}],"about":[{"href":"https:\/\/blog.polityka.pl\/adamczewski\/wp-json\/wp\/v2\/types\/post"}],"author":[{"embeddable":true,"href":"https:\/\/blog.polityka.pl\/adamczewski\/wp-json\/wp\/v2\/users\/2"}],"replies":[{"embeddable":true,"href":"https:\/\/blog.polityka.pl\/adamczewski\/wp-json\/wp\/v2\/comments?post=3080"}],"version-history":[{"count":4,"href":"https:\/\/blog.polityka.pl\/adamczewski\/wp-json\/wp\/v2\/posts\/3080\/revisions"}],"predecessor-version":[{"id":3087,"href":"https:\/\/blog.polityka.pl\/adamczewski\/wp-json\/wp\/v2\/posts\/3080\/revisions\/3087"}],"wp:attachment":[{"href":"https:\/\/blog.polityka.pl\/adamczewski\/wp-json\/wp\/v2\/media?parent=3080"}],"wp:term":[{"taxonomy":"category","embeddable":true,"href":"https:\/\/blog.polityka.pl\/adamczewski\/wp-json\/wp\/v2\/categories?post=3080"},{"taxonomy":"post_tag","embeddable":true,"href":"https:\/\/blog.polityka.pl\/adamczewski\/wp-json\/wp\/v2\/tags?post=3080"}],"curies":[{"name":"wp","href":"https:\/\/api.w.org\/{rel}","templated":true}]}}