
{"id":310,"date":"2007-08-29T08:00:01","date_gmt":"2007-08-29T06:00:01","guid":{"rendered":"http:\/\/adamczewski.blog.polityka.pl\/?p=310"},"modified":"2007-08-29T08:00:01","modified_gmt":"2007-08-29T06:00:01","slug":"zgadnij-co-gotujemy55","status":"publish","type":"post","link":"https:\/\/blog.polityka.pl\/adamczewski\/2007\/08\/29\/zgadnij-co-gotujemy55\/","title":{"rendered":"Zgadnij co gotujemy?(55)"},"content":{"rendered":"<p>To \u0142adna liczba &#8211; pi\u0119\u0107 i pi\u0119\u0107. Ale pyta\u0144 b\u0119dzie jak zwykle tylko trzy. A jako, \u017ce w tym tygodniu co\u015b nam zrobi\u0142o si\u0119 rybnie to zagadki b\u0119d\u0105 na pokrewny temat. Oto pytania:<\/p>\n<p>1. \u0141oso\u015b to pyszna ryba. Jak nazywa si\u0119\u00a0 polska rzeka, w kt\u00f3rej co roku na przedwio\u015bniu w\u0119dkarze \u015bcigaj\u0105 si\u0119 o najpi\u0119kniejszego z\u0142owionego \u0142ososia?<br \/>\n2. Min\u00f3g to ryba czy zupe\u0142nie co innego?<br \/>\n3. Jaka ryba potrafi przetrwa\u0107 bez wody nawet wiele tygodni byle mu\u0142, w kt\u00f3rym si\u0119 schowa\u0142a zachowa odrobin\u0119 wilgoci?<\/p>\n<p>Kto pierwszy przy\u015ble trzy prawid\u0142owe odpowiedzi na adres internet@polityka.com.pl\u00a0 ten otrzyma &#8222;Polskie posty&#8221; ( bo du\u017co tam przepis\u00f3w rybnych) Barbary Adamczewskiej wydane przez Nowy \u015awiat i z serdeczn\u0105 dedykacj\u0105 oraz autografami naszej ma\u0142\u017ce\u0144skiej sp\u00f3\u0142ki. Czekamy!<\/p>\n","protected":false},"excerpt":{"rendered":"<p>To \u0142adna liczba &#8211; pi\u0119\u0107 i pi\u0119\u0107. Ale pyta\u0144 b\u0119dzie jak zwykle tylko trzy. A jako, \u017ce w tym tygodniu co\u015b nam zrobi\u0142o si\u0119 rybnie to zagadki b\u0119d\u0105 na pokrewny temat. Oto pytania: 1. \u0141oso\u015b to pyszna ryba. Jak nazywa si\u0119\u00a0 polska rzeka, w kt\u00f3rej co roku na przedwio\u015bniu w\u0119dkarze \u015bcigaj\u0105 si\u0119 o najpi\u0119kniejszego z\u0142owionego [&hellip;]<\/p>\n","protected":false},"author":2,"featured_media":0,"comment_status":"open","ping_status":"open","sticky":false,"template":"","format":"standard","meta":{"footnotes":""},"categories":[1],"tags":[],"_links":{"self":[{"href":"https:\/\/blog.polityka.pl\/adamczewski\/wp-json\/wp\/v2\/posts\/310"}],"collection":[{"href":"https:\/\/blog.polityka.pl\/adamczewski\/wp-json\/wp\/v2\/posts"}],"about":[{"href":"https:\/\/blog.polityka.pl\/adamczewski\/wp-json\/wp\/v2\/types\/post"}],"author":[{"embeddable":true,"href":"https:\/\/blog.polityka.pl\/adamczewski\/wp-json\/wp\/v2\/users\/2"}],"replies":[{"embeddable":true,"href":"https:\/\/blog.polityka.pl\/adamczewski\/wp-json\/wp\/v2\/comments?post=310"}],"version-history":[{"count":0,"href":"https:\/\/blog.polityka.pl\/adamczewski\/wp-json\/wp\/v2\/posts\/310\/revisions"}],"wp:attachment":[{"href":"https:\/\/blog.polityka.pl\/adamczewski\/wp-json\/wp\/v2\/media?parent=310"}],"wp:term":[{"taxonomy":"category","embeddable":true,"href":"https:\/\/blog.polityka.pl\/adamczewski\/wp-json\/wp\/v2\/categories?post=310"},{"taxonomy":"post_tag","embeddable":true,"href":"https:\/\/blog.polityka.pl\/adamczewski\/wp-json\/wp\/v2\/tags?post=310"}],"curies":[{"name":"wp","href":"https:\/\/api.w.org\/{rel}","templated":true}]}}