
{"id":312,"date":"2007-09-12T08:00:48","date_gmt":"2007-09-12T06:00:48","guid":{"rendered":"http:\/\/adamczewski.blog.polityka.pl\/?p=312"},"modified":"2007-08-23T17:40:55","modified_gmt":"2007-08-23T15:40:55","slug":"zgadnij-co-gotujemy57","status":"publish","type":"post","link":"https:\/\/blog.polityka.pl\/adamczewski\/2007\/09\/12\/zgadnij-co-gotujemy57\/","title":{"rendered":"Zgadnij co gotujemy?(57)"},"content":{"rendered":"<p>Oto kolejny quiz. Trzy proste pytania na kt\u00f3re potrafi odpowiedzie\u0107 chyba ka\u017cdy smakosz. A tylko tacy przecie\u017c s\u0105 na naszym blogu. Kto za\u015b najszybciej prze\u015ble prawid\u0142owe odpowiedzi na adres internet@polityka.com.pl  ten stanie si\u0119 w\u0142a\u015bcicielem egzemplarza mojego &#8222;M\u0119skiego gotowania&#8221; wydanego przez firm\u0119 Pr\u00f3szy\u0144ski i S-ka. Ksi\u0105\u017cka b\u0119dzie opatrzona dedykacj\u0105 i autografem. Oto pytania:<\/p>\n<p>1. Co to takiego chiffonade?<br \/>\n2. Mchali to&#8230;<br \/>\n3. Witlinek to&#8230;<\/p>\n<p>No to do roboty. Kto pierwszy ten lepszy.<\/p>\n","protected":false},"excerpt":{"rendered":"<p>Oto kolejny quiz. Trzy proste pytania na kt\u00f3re potrafi odpowiedzie\u0107 chyba ka\u017cdy smakosz. A tylko tacy przecie\u017c s\u0105 na naszym blogu. Kto za\u015b najszybciej prze\u015ble prawid\u0142owe odpowiedzi na adres internet@polityka.com.pl ten stanie si\u0119 w\u0142a\u015bcicielem egzemplarza mojego &#8222;M\u0119skiego gotowania&#8221; wydanego przez firm\u0119 Pr\u00f3szy\u0144ski i S-ka. Ksi\u0105\u017cka b\u0119dzie opatrzona dedykacj\u0105 i autografem. Oto pytania: 1. Co to [&hellip;]<\/p>\n","protected":false},"author":2,"featured_media":0,"comment_status":"open","ping_status":"open","sticky":false,"template":"","format":"standard","meta":{"footnotes":""},"categories":[1],"tags":[],"_links":{"self":[{"href":"https:\/\/blog.polityka.pl\/adamczewski\/wp-json\/wp\/v2\/posts\/312"}],"collection":[{"href":"https:\/\/blog.polityka.pl\/adamczewski\/wp-json\/wp\/v2\/posts"}],"about":[{"href":"https:\/\/blog.polityka.pl\/adamczewski\/wp-json\/wp\/v2\/types\/post"}],"author":[{"embeddable":true,"href":"https:\/\/blog.polityka.pl\/adamczewski\/wp-json\/wp\/v2\/users\/2"}],"replies":[{"embeddable":true,"href":"https:\/\/blog.polityka.pl\/adamczewski\/wp-json\/wp\/v2\/comments?post=312"}],"version-history":[{"count":0,"href":"https:\/\/blog.polityka.pl\/adamczewski\/wp-json\/wp\/v2\/posts\/312\/revisions"}],"wp:attachment":[{"href":"https:\/\/blog.polityka.pl\/adamczewski\/wp-json\/wp\/v2\/media?parent=312"}],"wp:term":[{"taxonomy":"category","embeddable":true,"href":"https:\/\/blog.polityka.pl\/adamczewski\/wp-json\/wp\/v2\/categories?post=312"},{"taxonomy":"post_tag","embeddable":true,"href":"https:\/\/blog.polityka.pl\/adamczewski\/wp-json\/wp\/v2\/tags?post=312"}],"curies":[{"name":"wp","href":"https:\/\/api.w.org\/{rel}","templated":true}]}}