
{"id":3133,"date":"2011-03-04T07:59:03","date_gmt":"2011-03-04T06:59:03","guid":{"rendered":"http:\/\/adamczewscy.pl\/?p=3133"},"modified":"2011-03-04T07:59:03","modified_gmt":"2011-03-04T06:59:03","slug":"bruschetta-na-pierwsze-danie","status":"publish","type":"post","link":"https:\/\/blog.polityka.pl\/adamczewski\/2011\/03\/04\/bruschetta-na-pierwsze-danie\/","title":{"rendered":"Bruschetta na pierwsze danie"},"content":{"rendered":"<p><em>4 mi\u0119siste pomidory, 3 z\u0105bki czosnku, 4 \u0142y\u017cki posiekanej \u015bwie\u017cej bazylii, 4 du\u017ce kromki ciabaty lub chleba z ziarnami, 3 \u0142y\u017cki oliwy, s\u00f3l, pieprz<br \/>\n<\/em><br \/>\n1. Pomidory poprzekrawa\u0107 na wierzchu na krzy\u017c, pola\u0107 wrz\u0105c\u0105 woda i zdj\u0105\u0107 sk\u00f3rk\u0119.<br \/>\n2. Pomidory pokroi\u0107 w kostk\u0119.<br \/>\n2. Czosnek pokroi\u0107 w cienkie plasterki.<br \/>\n4. Wymiesza\u0107 pomidory z czosnkiem, sol\u0105 i oliw\u0105 oraz posiekana bazyli\u0105.<br \/>\n5. Kromki chleba lub ciabaty u\u0142o\u017cy\u0107 w piekarniku i podpiec, na ka\u017cdym kawa\u0142ku pieczywa u\u0142o\u017cy\u0107 porcj\u0119 pomidor\u00f3w i podawa\u0107 od razu. <\/p>\n","protected":false},"excerpt":{"rendered":"<p>4 mi\u0119siste pomidory, 3 z\u0105bki czosnku, 4 \u0142y\u017cki posiekanej \u015bwie\u017cej bazylii, 4 du\u017ce kromki ciabaty lub chleba z ziarnami, 3 \u0142y\u017cki oliwy, s\u00f3l, pieprz 1. Pomidory poprzekrawa\u0107 na wierzchu na krzy\u017c, pola\u0107 wrz\u0105c\u0105 woda i zdj\u0105\u0107 sk\u00f3rk\u0119. 2. Pomidory pokroi\u0107 w kostk\u0119. 2. Czosnek pokroi\u0107 w cienkie plasterki. 4. Wymiesza\u0107 pomidory z czosnkiem, sol\u0105 i [&hellip;]<\/p>\n","protected":false},"author":2,"featured_media":0,"comment_status":"open","ping_status":"open","sticky":false,"template":"","format":"standard","meta":{"footnotes":""},"categories":[1],"tags":[],"_links":{"self":[{"href":"https:\/\/blog.polityka.pl\/adamczewski\/wp-json\/wp\/v2\/posts\/3133"}],"collection":[{"href":"https:\/\/blog.polityka.pl\/adamczewski\/wp-json\/wp\/v2\/posts"}],"about":[{"href":"https:\/\/blog.polityka.pl\/adamczewski\/wp-json\/wp\/v2\/types\/post"}],"author":[{"embeddable":true,"href":"https:\/\/blog.polityka.pl\/adamczewski\/wp-json\/wp\/v2\/users\/2"}],"replies":[{"embeddable":true,"href":"https:\/\/blog.polityka.pl\/adamczewski\/wp-json\/wp\/v2\/comments?post=3133"}],"version-history":[{"count":0,"href":"https:\/\/blog.polityka.pl\/adamczewski\/wp-json\/wp\/v2\/posts\/3133\/revisions"}],"wp:attachment":[{"href":"https:\/\/blog.polityka.pl\/adamczewski\/wp-json\/wp\/v2\/media?parent=3133"}],"wp:term":[{"taxonomy":"category","embeddable":true,"href":"https:\/\/blog.polityka.pl\/adamczewski\/wp-json\/wp\/v2\/categories?post=3133"},{"taxonomy":"post_tag","embeddable":true,"href":"https:\/\/blog.polityka.pl\/adamczewski\/wp-json\/wp\/v2\/tags?post=3133"}],"curies":[{"name":"wp","href":"https:\/\/api.w.org\/{rel}","templated":true}]}}