
{"id":3172,"date":"2011-04-15T05:43:09","date_gmt":"2011-04-15T04:43:09","guid":{"rendered":"http:\/\/adamczewscy.pl\/?p=3172"},"modified":"2011-04-15T05:43:09","modified_gmt":"2011-04-15T04:43:09","slug":"makaronowe-sznycle","status":"publish","type":"post","link":"https:\/\/blog.polityka.pl\/adamczewski\/2011\/04\/15\/makaronowe-sznycle\/","title":{"rendered":"Makaronowe sznycle"},"content":{"rendered":"<p><em>2 szklanki pokrojonego gotowanego mi\u0119sa (lub mi\u0119so z po\u0142\u00f3wki gotowanego w rosole kurczaka), jajko, szklanka ugotowanego makaronu, 2 \u0142y\u017cki posiekanej zielonej pietruszki, s\u00f3l, pieprz, 3 \u0142y\u017cki tartej bu\u0142ki, 6 \u0142y\u017cek oleju do sma\u017cenia<br \/>\n<\/em><br \/>\n1. Mi\u0119so i makaron zmieli\u0107 w maszynce do mi\u0119sa, doda\u0107 s\u00f3l, pieprz, posiekan\u0105 zielon\u0105 pietruszk\u0119. Wymiesza\u0107.<br \/>\n2. Uformowa\u0107 okr\u0105g\u0142e niedu\u017ce sznycelki, obtacza\u0107 je w tartej bu\u0142ce, usma\u017cy\u0107 na rozgrzanym oleju na rumiano. <\/p>\n","protected":false},"excerpt":{"rendered":"<p>2 szklanki pokrojonego gotowanego mi\u0119sa (lub mi\u0119so z po\u0142\u00f3wki gotowanego w rosole kurczaka), jajko, szklanka ugotowanego makaronu, 2 \u0142y\u017cki posiekanej zielonej pietruszki, s\u00f3l, pieprz, 3 \u0142y\u017cki tartej bu\u0142ki, 6 \u0142y\u017cek oleju do sma\u017cenia 1. Mi\u0119so i makaron zmieli\u0107 w maszynce do mi\u0119sa, doda\u0107 s\u00f3l, pieprz, posiekan\u0105 zielon\u0105 pietruszk\u0119. Wymiesza\u0107. 2. Uformowa\u0107 okr\u0105g\u0142e niedu\u017ce sznycelki, obtacza\u0107 [&hellip;]<\/p>\n","protected":false},"author":2,"featured_media":0,"comment_status":"open","ping_status":"open","sticky":false,"template":"","format":"standard","meta":{"footnotes":""},"categories":[1],"tags":[],"_links":{"self":[{"href":"https:\/\/blog.polityka.pl\/adamczewski\/wp-json\/wp\/v2\/posts\/3172"}],"collection":[{"href":"https:\/\/blog.polityka.pl\/adamczewski\/wp-json\/wp\/v2\/posts"}],"about":[{"href":"https:\/\/blog.polityka.pl\/adamczewski\/wp-json\/wp\/v2\/types\/post"}],"author":[{"embeddable":true,"href":"https:\/\/blog.polityka.pl\/adamczewski\/wp-json\/wp\/v2\/users\/2"}],"replies":[{"embeddable":true,"href":"https:\/\/blog.polityka.pl\/adamczewski\/wp-json\/wp\/v2\/comments?post=3172"}],"version-history":[{"count":0,"href":"https:\/\/blog.polityka.pl\/adamczewski\/wp-json\/wp\/v2\/posts\/3172\/revisions"}],"wp:attachment":[{"href":"https:\/\/blog.polityka.pl\/adamczewski\/wp-json\/wp\/v2\/media?parent=3172"}],"wp:term":[{"taxonomy":"category","embeddable":true,"href":"https:\/\/blog.polityka.pl\/adamczewski\/wp-json\/wp\/v2\/categories?post=3172"},{"taxonomy":"post_tag","embeddable":true,"href":"https:\/\/blog.polityka.pl\/adamczewski\/wp-json\/wp\/v2\/tags?post=3172"}],"curies":[{"name":"wp","href":"https:\/\/api.w.org\/{rel}","templated":true}]}}