
{"id":3179,"date":"2011-04-22T13:05:27","date_gmt":"2011-04-22T12:05:27","guid":{"rendered":"http:\/\/adamczewscy.pl\/?p=3179"},"modified":"2011-04-22T13:05:27","modified_gmt":"2011-04-22T12:05:27","slug":"pasztet-z-cukinii","status":"publish","type":"post","link":"https:\/\/blog.polityka.pl\/adamczewski\/2011\/04\/22\/pasztet-z-cukinii\/","title":{"rendered":"Pasztet z cukinii"},"content":{"rendered":"<p><em>1,8 kg cukinii, 35 dag szpinaku, 20 dag cebuli, 4 jajka, szklanka tartej bu\u0142ki, 3 \u0142y\u017cki oliwy, 2 \u0142y\u017cki mas\u0142a z\u0105bek czosnku, 10 dag zmielonych migda\u0142\u00f3w, p\u00f3l szklanki startego \u017c\u00f3\u0142tego sera, p\u00f3\u0142 \u0142y\u017ceczki mielonego imbiru, s\u00f3l, pieprz, ew. \u0142y\u017cka siekanej mi\u0119ty<br \/>\n<\/em><br \/>\n1. Cukinie obierz, pokr\u00f3j w plasterki, cebule posiekaj drobno, op\u0142ucz  szpinak i os\u0105cz.<br \/>\n2. Cebul\u0119 podsma\u017c   na oliwie, dodaj  cukini\u0119   i podsma\u017c. Ostud\u017a. Dodaj jajka, migda\u0142y, bu\u0142k\u0119 tart\u0105, s\u00f3l, pieprz, imbir i ew. mi\u0119t\u0119. Masa powinna  by\u0107 g\u0119sta, je\u015bli jest zbyt rzadka warto doda\u0107 jeszcze troch\u0119 tartej bu\u0142ki.<br \/>\n3. Szpinak lekko  posiekaj, podsma\u017c na ma\u015ble staraj\u0105c sie jak najbardziej odparowa\u0107, dodaj s\u00f3l i czosnek przeci\u015bni\u0119ty przez prask\u0119 ,na koniec starty ser i  wymieszaj.<br \/>\n4. Posmaruj 2 w\u0105skie formy mas\u0142em, wy\u0142\u00f3\u017c pierwsz\u0105 warstw\u0119 cukinii, na niej warstw\u0119 szpinaku, zn\u00f3w cukini\u0119, wyg\u0142ad\u017a    wierzch. Nakryj foremki foli\u0105  aluminiow\u0105 i wstaw do wi\u0119kszej brytfanny z wod\u0105. Zapiekaj w piekarniku  p\u00f3\u0142torej godziny w temperaturze 180 st. C.<br \/>\nPasztet wstaw po ostudzeniu na dob\u0119 do lod\u00f3wki. Mo\u017cesz go pokroi\u0107  ostrym no\u017cem dopiero nast\u0119pnego dnia.<\/p>\n","protected":false},"excerpt":{"rendered":"<p>1,8 kg cukinii, 35 dag szpinaku, 20 dag cebuli, 4 jajka, szklanka tartej bu\u0142ki, 3 \u0142y\u017cki oliwy, 2 \u0142y\u017cki mas\u0142a z\u0105bek czosnku, 10 dag zmielonych migda\u0142\u00f3w, p\u00f3l szklanki startego \u017c\u00f3\u0142tego sera, p\u00f3\u0142 \u0142y\u017ceczki mielonego imbiru, s\u00f3l, pieprz, ew. \u0142y\u017cka siekanej mi\u0119ty 1. Cukinie obierz, pokr\u00f3j w plasterki, cebule posiekaj drobno, op\u0142ucz szpinak i os\u0105cz. 2. [&hellip;]<\/p>\n","protected":false},"author":2,"featured_media":0,"comment_status":"open","ping_status":"open","sticky":false,"template":"","format":"standard","meta":{"footnotes":""},"categories":[1],"tags":[],"_links":{"self":[{"href":"https:\/\/blog.polityka.pl\/adamczewski\/wp-json\/wp\/v2\/posts\/3179"}],"collection":[{"href":"https:\/\/blog.polityka.pl\/adamczewski\/wp-json\/wp\/v2\/posts"}],"about":[{"href":"https:\/\/blog.polityka.pl\/adamczewski\/wp-json\/wp\/v2\/types\/post"}],"author":[{"embeddable":true,"href":"https:\/\/blog.polityka.pl\/adamczewski\/wp-json\/wp\/v2\/users\/2"}],"replies":[{"embeddable":true,"href":"https:\/\/blog.polityka.pl\/adamczewski\/wp-json\/wp\/v2\/comments?post=3179"}],"version-history":[{"count":0,"href":"https:\/\/blog.polityka.pl\/adamczewski\/wp-json\/wp\/v2\/posts\/3179\/revisions"}],"wp:attachment":[{"href":"https:\/\/blog.polityka.pl\/adamczewski\/wp-json\/wp\/v2\/media?parent=3179"}],"wp:term":[{"taxonomy":"category","embeddable":true,"href":"https:\/\/blog.polityka.pl\/adamczewski\/wp-json\/wp\/v2\/categories?post=3179"},{"taxonomy":"post_tag","embeddable":true,"href":"https:\/\/blog.polityka.pl\/adamczewski\/wp-json\/wp\/v2\/tags?post=3179"}],"curies":[{"name":"wp","href":"https:\/\/api.w.org\/{rel}","templated":true}]}}