
{"id":3191,"date":"2011-10-12T08:00:07","date_gmt":"2011-10-12T06:00:07","guid":{"rendered":"http:\/\/adamczewski.blog.polityka.pl\/?p=3191"},"modified":"2011-11-30T14:28:51","modified_gmt":"2011-11-30T13:28:51","slug":"zgadnij-co-gotujemy-85","status":"publish","type":"post","link":"https:\/\/blog.polityka.pl\/adamczewski\/2011\/10\/12\/zgadnij-co-gotujemy-85\/","title":{"rendered":"Zgadnij co gotujemy?"},"content":{"rendered":"<p>Dzi\u015b nagrod\u0105 b\u0119dzie \u015bwietny przewodnik po Norwegii. Jego autor przew\u0119drowa\u0142 ten kraj wszerz (bo wzd\u0142u\u017c czyli z p\u00f3\u0142nocy na po\u0142udnie to w\u0105ski na mapie paseczek) i to wielokrotnie, korzystaj\u0105c z r\u00f3\u017cnych \u015brodk\u00f3w lokomocji (np. na rowerze). Jego rady w ka\u017cdej dziedzinie s\u0105 nieocenione. Wiem, bo korzysta\u0142em z nich. Warto wi\u0119c o t\u0119 ksi\u0105\u017ck\u0119 powalczy\u0107. A oto pytania:<\/p>\n<p>1.W jakim mie\u015bcie Norwegii jest Muzeum Konserw?<\/p>\n<p>2.Czym \u017cywili si\u0119 Wikingowie p\u0142ywaj\u0105c po morzach i oceanach przez d\u0142ugie tygodnie?<\/p>\n<p>3 .Jak nazywa si\u0119 skalna platforma widokowa znajduj\u0105ca si\u0119 nad Lysefjordem?<\/p>\n<p>Kto pierwszy przy\u015ble prawid\u0142owe odpowiedzi na adres <a href=\"mailto:internet@polityka.com.pl\">internet@polityka.com.pl<\/a> ten otrzyma przewodnik po Norwegii autorstwa Konrada Koniecznego i Weroniki Sowy. Powodzenia.<\/p>\n","protected":false},"excerpt":{"rendered":"<p>Dzi\u015b nagrod\u0105 b\u0119dzie \u015bwietny przewodnik po Norwegii. Jego autor przew\u0119drowa\u0142 ten kraj wszerz (bo wzd\u0142u\u017c czyli z p\u00f3\u0142nocy na po\u0142udnie to w\u0105ski na mapie paseczek) i to wielokrotnie, korzystaj\u0105c z r\u00f3\u017cnych \u015brodk\u00f3w lokomocji (np. na rowerze). Jego rady w ka\u017cdej dziedzinie s\u0105 nieocenione. Wiem, bo korzysta\u0142em z nich. Warto wi\u0119c o t\u0119 ksi\u0105\u017ck\u0119 powalczy\u0107. A [&hellip;]<\/p>\n","protected":false},"author":2,"featured_media":0,"comment_status":"open","ping_status":"open","sticky":false,"template":"","format":"standard","meta":{"footnotes":""},"categories":[1],"tags":[],"_links":{"self":[{"href":"https:\/\/blog.polityka.pl\/adamczewski\/wp-json\/wp\/v2\/posts\/3191"}],"collection":[{"href":"https:\/\/blog.polityka.pl\/adamczewski\/wp-json\/wp\/v2\/posts"}],"about":[{"href":"https:\/\/blog.polityka.pl\/adamczewski\/wp-json\/wp\/v2\/types\/post"}],"author":[{"embeddable":true,"href":"https:\/\/blog.polityka.pl\/adamczewski\/wp-json\/wp\/v2\/users\/2"}],"replies":[{"embeddable":true,"href":"https:\/\/blog.polityka.pl\/adamczewski\/wp-json\/wp\/v2\/comments?post=3191"}],"version-history":[{"count":7,"href":"https:\/\/blog.polityka.pl\/adamczewski\/wp-json\/wp\/v2\/posts\/3191\/revisions"}],"predecessor-version":[{"id":3527,"href":"https:\/\/blog.polityka.pl\/adamczewski\/wp-json\/wp\/v2\/posts\/3191\/revisions\/3527"}],"wp:attachment":[{"href":"https:\/\/blog.polityka.pl\/adamczewski\/wp-json\/wp\/v2\/media?parent=3191"}],"wp:term":[{"taxonomy":"category","embeddable":true,"href":"https:\/\/blog.polityka.pl\/adamczewski\/wp-json\/wp\/v2\/categories?post=3191"},{"taxonomy":"post_tag","embeddable":true,"href":"https:\/\/blog.polityka.pl\/adamczewski\/wp-json\/wp\/v2\/tags?post=3191"}],"curies":[{"name":"wp","href":"https:\/\/api.w.org\/{rel}","templated":true}]}}