
{"id":3220,"date":"2011-10-17T08:00:20","date_gmt":"2011-10-17T06:00:20","guid":{"rendered":"http:\/\/adamczewski.blog.polityka.pl\/?p=3220"},"modified":"2011-10-16T13:43:22","modified_gmt":"2011-10-16T11:43:22","slug":"prezent-wiekszy-od-spodka","status":"publish","type":"post","link":"https:\/\/blog.polityka.pl\/adamczewski\/2011\/10\/17\/prezent-wiekszy-od-spodka\/","title":{"rendered":"Prezent wi\u0119kszy od spodka"},"content":{"rendered":"<p>A prezent ten dosta\u0142em od\u00a0&#8230; natury. Po przyje\u017adzie na wie\u015b i rozpakowaniu wszystkich bambetli, napaleniu w piecu i w\u0142\u0105czeniu laptop\u00f3w, postanowili\u015bmy obej\u015b\u0107 ca\u0142y nasz teren. To spacer na dobre kilkana\u015bcie minut, nawet do p\u00f3\u0142 godziny, gdy cz\u0142owiek rozgl\u0105da si\u0119 i wypatruje co z trawy wyros\u0142o.<\/p>\n<p>Pogoda by\u0142a s\u0142oneczna ale nie upalna. Pe\u0142no li\u015bci z brz\u00f3z, igie\u0142 z modrzewi i sosen, buczyna te\u017c zacz\u0119\u0142a zmienia\u0107 kolor z zielonego na z\u0142ocisty. Za p\u0142otem, u s\u0105siada z rado\u015bci\u0105 powitali\u015bmy dorodne iglaki, kt\u00f3re przez ca\u0142e lato wygl\u0105da\u0142y do\u015b\u0107 kiepsko, a mia\u0142y by\u0107 pocz\u0105tkiem ogrodniczej (w\u0142a\u015bciwie szk\u00f3\u0142karskiej)\u00a0 kariery by\u0142ego informatyka i mieszczucha. Teraz zazieleni\u0142y si\u0119 mocno, podros\u0142y i zdaj\u0105 si\u0119 zapowiada\u0107, \u017ce nowy zaw\u00f3d b\u0119dzie pop\u0142atny.<\/p>\n<p>Na so\u015bnie obok werandy siedzia\u0142y dwie wiewi\u00f3rki i nie reaguj\u0105c wcale na nasze oburzone okrzyki (w\u0142a\u015bciwie to nie by\u0142y okrzyki tylko delikatnym tonem wypowiadane uwagi) rzuca\u0142y puste szyszki prosto na trawnik. By\u0107 mo\u017ce chcia\u0142y w ten spos\u00f3b zwr\u00f3ci\u0107 nam uwag\u0119, \u017ce obok k\u0119py barwinka wystaj\u0105 z trawy dwa niewielkie prawdziwki. Do tego twarde i zdrowe. Wykr\u0119cili\u015bmy je ostro\u017cnie z grzybni i zacz\u0119li\u015bmy jeszcze uwa\u017cniej rozgl\u0105da\u0107 si\u0119 wok\u00f3\u0142. No i wtedy (kto pierwszy go zobaczy\u0142 nigdy nie uzgodnimy)\u00a0 naszym oczom ukaza\u0142 si\u0119 br\u0105zowy kapelusz prawdziwka-olbrzyma. Musia\u0142 rosn\u0105\u0107 chyba ca\u0142y tydzie\u0144, by osi\u0105gn\u0105\u0107 \u015brednic\u0119 ponad 22 cm. I te\u017c by\u0142 zdrowy. Mo\u017cecie obejrze\u0107 go na zdj\u0119ciu w towarzystwie dw\u00f3ch maluch\u00f3w i fili\u017canki do herbaty, by mo\u017cna by\u0142o oceni\u0107 jego wielko\u015b\u0107.<\/p>\n<p><a href=\"\/wp-content\/uploads\/2011\/10\/Borowik-gigant-i-fili\u017canka.jpg\"><img loading=\"lazy\" decoding=\"async\" class=\"aligncenter size-medium wp-image-3221\" title=\"OLYMPUS DIGITAL CAMERA\" src=\"\/wp-content\/uploads\/2011\/10\/Borowik-gigant-i-fili\u017canka-300x225.jpg\" alt=\"\" width=\"300\" height=\"225\" srcset=\"\/adamczewski\/wp-content\/uploads\/2011\/10\/Borowik-gigant-i-fili\u017canka-300x225.jpg 300w, \/adamczewski\/wp-content\/uploads\/2011\/10\/Borowik-gigant-i-fili\u017canka.jpg 640w\" sizes=\"(max-width: 300px) 100vw, 300px\" \/><\/a><\/p>\n<p>Wszystkie trzy borowiki, po oczyszczeniu i pokrojeniu trafi\u0142y do suszarki. A teraz s\u0105 zapakowane i czekaj\u0105 na transport. My za\u015b cieszymy si\u0119 z takiego po\u017cegnania sezonu. My\u015bl\u0119 bowiem, \u017ce wi\u0119cej podobnych niespodzianek ju\u017c nie b\u0119dzie. W nocy z soboty na niedziel\u0119 bowiem temperatura spad\u0142a do minus 4 stopni. Za tydzie\u0144 zamkniemy wodoci\u0105g i nasze wyjazdy na wie\u015b b\u0119d\u0105 jednodniowe. Ich powodem za\u015b\u00a0&#8211; jak zawsze\u00a0&#8211; b\u0119d\u0105 \u015bwie\u017ce jajka od zaprzyja\u017anionych kur.<\/p>\n<p><a href=\"\/wp-content\/uploads\/2011\/10\/Ostatnie-borowiki.jpg\"><img loading=\"lazy\" decoding=\"async\" class=\"aligncenter size-medium wp-image-3222\" title=\"OLYMPUS DIGITAL CAMERA\" src=\"\/wp-content\/uploads\/2011\/10\/Ostatnie-borowiki-300x225.jpg\" alt=\"\" width=\"300\" height=\"225\" srcset=\"\/adamczewski\/wp-content\/uploads\/2011\/10\/Ostatnie-borowiki-300x225.jpg 300w, \/adamczewski\/wp-content\/uploads\/2011\/10\/Ostatnie-borowiki.jpg 640w\" sizes=\"(max-width: 300px) 100vw, 300px\" \/><\/a><\/p>\n<p>A prawdziwki b\u0119dziemy ogl\u0105da\u0107 tylko na fotografiach.<\/p>\n","protected":false},"excerpt":{"rendered":"<p>A prezent ten dosta\u0142em od\u00a0&#8230; natury. Po przyje\u017adzie na wie\u015b i rozpakowaniu wszystkich bambetli, napaleniu w piecu i w\u0142\u0105czeniu laptop\u00f3w, postanowili\u015bmy obej\u015b\u0107 ca\u0142y nasz teren. To spacer na dobre kilkana\u015bcie minut, nawet do p\u00f3\u0142 godziny, gdy cz\u0142owiek rozgl\u0105da si\u0119 i wypatruje co z trawy wyros\u0142o. Pogoda by\u0142a s\u0142oneczna ale nie upalna. Pe\u0142no li\u015bci z brz\u00f3z, [&hellip;]<\/p>\n","protected":false},"author":2,"featured_media":0,"comment_status":"open","ping_status":"open","sticky":false,"template":"","format":"standard","meta":{"footnotes":""},"categories":[1],"tags":[],"_links":{"self":[{"href":"https:\/\/blog.polityka.pl\/adamczewski\/wp-json\/wp\/v2\/posts\/3220"}],"collection":[{"href":"https:\/\/blog.polityka.pl\/adamczewski\/wp-json\/wp\/v2\/posts"}],"about":[{"href":"https:\/\/blog.polityka.pl\/adamczewski\/wp-json\/wp\/v2\/types\/post"}],"author":[{"embeddable":true,"href":"https:\/\/blog.polityka.pl\/adamczewski\/wp-json\/wp\/v2\/users\/2"}],"replies":[{"embeddable":true,"href":"https:\/\/blog.polityka.pl\/adamczewski\/wp-json\/wp\/v2\/comments?post=3220"}],"version-history":[{"count":3,"href":"https:\/\/blog.polityka.pl\/adamczewski\/wp-json\/wp\/v2\/posts\/3220\/revisions"}],"predecessor-version":[{"id":3224,"href":"https:\/\/blog.polityka.pl\/adamczewski\/wp-json\/wp\/v2\/posts\/3220\/revisions\/3224"}],"wp:attachment":[{"href":"https:\/\/blog.polityka.pl\/adamczewski\/wp-json\/wp\/v2\/media?parent=3220"}],"wp:term":[{"taxonomy":"category","embeddable":true,"href":"https:\/\/blog.polityka.pl\/adamczewski\/wp-json\/wp\/v2\/categories?post=3220"},{"taxonomy":"post_tag","embeddable":true,"href":"https:\/\/blog.polityka.pl\/adamczewski\/wp-json\/wp\/v2\/tags?post=3220"}],"curies":[{"name":"wp","href":"https:\/\/api.w.org\/{rel}","templated":true}]}}