
{"id":3227,"date":"2011-10-19T08:00:52","date_gmt":"2011-10-19T06:00:52","guid":{"rendered":"http:\/\/adamczewski.blog.polityka.pl\/?p=3227"},"modified":"2011-11-30T14:28:34","modified_gmt":"2011-11-30T13:28:34","slug":"zgadnij-co-gotujemy-86","status":"publish","type":"post","link":"https:\/\/blog.polityka.pl\/adamczewski\/2011\/10\/19\/zgadnij-co-gotujemy-86\/","title":{"rendered":"Zgadnij co gotujemy?"},"content":{"rendered":"<p><strong> <\/strong>Dzi\u015b nagrod\u0105 b\u0119dzie ksi\u0105\u017cka wczoraj tu prezentowana czyli ostatnie dzie\u0142o Jamiego Olivera &#8222;30 minut w kuchni&#8221;. Jego autor wzbudza na naszym blogu tyle\u017c sympatii ile niech\u0119ci. Ja nale\u017c\u0119 do jego wielbicieli i cz\u0119sto korzystam z rad oraz przepis\u00f3w. Jego rady bowiem\u00a0&#8211; moim zdaniem &#8211; w ka\u017cdej dziedzinie s\u0105 nieocenione. Warto wi\u0119c o t\u0119 ksi\u0105\u017ck\u0119 powalczy\u0107. A oto pytania:<\/p>\n<p>1. Jamie Oliver jest jednym z najbardziej znanych brytyjskich kucharzy, wymie\u0144 jeszcze ze dw\u00f3ch r\u00f3wnie g\u0142o\u015bnych jego koleg\u00f3w?<\/p>\n<p>2.Oliver jest te\u017c gwiazd\u0105 telewizyjn\u0105, jak nazywa\u0142y si\u0119 jego programy?<\/p>\n<p>3 .Jak nazywa si\u0119 londy\u0144ska restauracja Jamiego?<\/p>\n<p>Kto pierwszy przy\u015ble prawid\u0142owe odpowiedzi na adres <a href=\"mailto:internet@polityka.com.pl\">internet@polityka.com.pl<\/a> ten otrzyma ciekaw\u0105 i pi\u0119knie wydan\u0105 ksi\u0105\u017ck\u0119 znanego autora. Powodzenia.<\/p>\n","protected":false},"excerpt":{"rendered":"<p>Dzi\u015b nagrod\u0105 b\u0119dzie ksi\u0105\u017cka wczoraj tu prezentowana czyli ostatnie dzie\u0142o Jamiego Olivera &#8222;30 minut w kuchni&#8221;. Jego autor wzbudza na naszym blogu tyle\u017c sympatii ile niech\u0119ci. Ja nale\u017c\u0119 do jego wielbicieli i cz\u0119sto korzystam z rad oraz przepis\u00f3w. Jego rady bowiem\u00a0&#8211; moim zdaniem &#8211; w ka\u017cdej dziedzinie s\u0105 nieocenione. Warto wi\u0119c o t\u0119 ksi\u0105\u017ck\u0119 powalczy\u0107. [&hellip;]<\/p>\n","protected":false},"author":2,"featured_media":0,"comment_status":"open","ping_status":"open","sticky":false,"template":"","format":"standard","meta":{"footnotes":""},"categories":[1],"tags":[],"_links":{"self":[{"href":"https:\/\/blog.polityka.pl\/adamczewski\/wp-json\/wp\/v2\/posts\/3227"}],"collection":[{"href":"https:\/\/blog.polityka.pl\/adamczewski\/wp-json\/wp\/v2\/posts"}],"about":[{"href":"https:\/\/blog.polityka.pl\/adamczewski\/wp-json\/wp\/v2\/types\/post"}],"author":[{"embeddable":true,"href":"https:\/\/blog.polityka.pl\/adamczewski\/wp-json\/wp\/v2\/users\/2"}],"replies":[{"embeddable":true,"href":"https:\/\/blog.polityka.pl\/adamczewski\/wp-json\/wp\/v2\/comments?post=3227"}],"version-history":[{"count":4,"href":"https:\/\/blog.polityka.pl\/adamczewski\/wp-json\/wp\/v2\/posts\/3227\/revisions"}],"predecessor-version":[{"id":3526,"href":"https:\/\/blog.polityka.pl\/adamczewski\/wp-json\/wp\/v2\/posts\/3227\/revisions\/3526"}],"wp:attachment":[{"href":"https:\/\/blog.polityka.pl\/adamczewski\/wp-json\/wp\/v2\/media?parent=3227"}],"wp:term":[{"taxonomy":"category","embeddable":true,"href":"https:\/\/blog.polityka.pl\/adamczewski\/wp-json\/wp\/v2\/categories?post=3227"},{"taxonomy":"post_tag","embeddable":true,"href":"https:\/\/blog.polityka.pl\/adamczewski\/wp-json\/wp\/v2\/tags?post=3227"}],"curies":[{"name":"wp","href":"https:\/\/api.w.org\/{rel}","templated":true}]}}