
{"id":3230,"date":"2011-06-24T05:39:34","date_gmt":"2011-06-24T04:39:34","guid":{"rendered":"http:\/\/adamczewscy.pl\/?p=3230"},"modified":"2011-06-24T05:39:34","modified_gmt":"2011-06-24T04:39:34","slug":"szparagi-zapiekane-z-szynka","status":"publish","type":"post","link":"https:\/\/blog.polityka.pl\/adamczewski\/2011\/06\/24\/szparagi-zapiekane-z-szynka\/","title":{"rendered":"Szparagi zapiekane z szynk\u0105"},"content":{"rendered":"<p><em>P\u0119czek szparag\u00f3w, s\u00f3l, cukier i sok cytrynowy do smaku, obrany ze sk\u00f3rki j\u0119drny pomidor, 5 dag szynki, \u0142y\u017cka mas\u0142a, p\u00f3\u0142 szklanki startego parmezanu<\/em><\/p>\n<p>1. Szparagi obra\u0107 z w\u0142\u00f3kien przy pomocy no\u017cyka do obierania warzyw.<br \/>\n2. Zagotowa\u0107 wod\u0119 z cukrem i sol\u0105 oraz sokiem cytrynowym dodanymi wed\u0142ug smaku, w\u0142o\u017cy\u0107 obrane i umyte szparagi i gotowa\u0107 mniej wi\u0119cej 20 minut. Ods\u0105czy\u0107.<br \/>\n3. Posmarowa\u0107 mas\u0142em naczynie \u017caroodporne, u\u0142o\u017cy\u0107 w nim szparagi.<br \/>\n4. Pokroi\u0107 w paski szynk\u0119 oraz pomidora, pouk\u0142ada\u0107 paseczki na szparagach.<br \/>\n5. Posypa\u0107  potraw\u0119 startym parmezanem i zapiec do momentu, kiedy parmezan zacnie si\u0119 topi\u0107.<br \/>\nZ tej ilo\u015bci sk\u0142adnik\u00f3w otrzymamy danie dla dw\u00f3ch os\u00f3b. <\/p>\n","protected":false},"excerpt":{"rendered":"<p>P\u0119czek szparag\u00f3w, s\u00f3l, cukier i sok cytrynowy do smaku, obrany ze sk\u00f3rki j\u0119drny pomidor, 5 dag szynki, \u0142y\u017cka mas\u0142a, p\u00f3\u0142 szklanki startego parmezanu 1. Szparagi obra\u0107 z w\u0142\u00f3kien przy pomocy no\u017cyka do obierania warzyw. 2. Zagotowa\u0107 wod\u0119 z cukrem i sol\u0105 oraz sokiem cytrynowym dodanymi wed\u0142ug smaku, w\u0142o\u017cy\u0107 obrane i umyte szparagi i gotowa\u0107 mniej [&hellip;]<\/p>\n","protected":false},"author":2,"featured_media":0,"comment_status":"open","ping_status":"open","sticky":false,"template":"","format":"standard","meta":{"footnotes":""},"categories":[1],"tags":[],"_links":{"self":[{"href":"https:\/\/blog.polityka.pl\/adamczewski\/wp-json\/wp\/v2\/posts\/3230"}],"collection":[{"href":"https:\/\/blog.polityka.pl\/adamczewski\/wp-json\/wp\/v2\/posts"}],"about":[{"href":"https:\/\/blog.polityka.pl\/adamczewski\/wp-json\/wp\/v2\/types\/post"}],"author":[{"embeddable":true,"href":"https:\/\/blog.polityka.pl\/adamczewski\/wp-json\/wp\/v2\/users\/2"}],"replies":[{"embeddable":true,"href":"https:\/\/blog.polityka.pl\/adamczewski\/wp-json\/wp\/v2\/comments?post=3230"}],"version-history":[{"count":0,"href":"https:\/\/blog.polityka.pl\/adamczewski\/wp-json\/wp\/v2\/posts\/3230\/revisions"}],"wp:attachment":[{"href":"https:\/\/blog.polityka.pl\/adamczewski\/wp-json\/wp\/v2\/media?parent=3230"}],"wp:term":[{"taxonomy":"category","embeddable":true,"href":"https:\/\/blog.polityka.pl\/adamczewski\/wp-json\/wp\/v2\/categories?post=3230"},{"taxonomy":"post_tag","embeddable":true,"href":"https:\/\/blog.polityka.pl\/adamczewski\/wp-json\/wp\/v2\/tags?post=3230"}],"curies":[{"name":"wp","href":"https:\/\/api.w.org\/{rel}","templated":true}]}}