
{"id":3231,"date":"2011-10-21T08:00:02","date_gmt":"2011-10-21T06:00:02","guid":{"rendered":"http:\/\/adamczewski.blog.polityka.pl\/?p=3231"},"modified":"2011-10-21T11:33:57","modified_gmt":"2011-10-21T09:33:57","slug":"festiwal-filmow-kulinarnych-i-inne-rozrywki","status":"publish","type":"post","link":"https:\/\/blog.polityka.pl\/adamczewski\/2011\/10\/21\/festiwal-filmow-kulinarnych-i-inne-rozrywki\/","title":{"rendered":"Festiwal film\u00f3w kulinarnych i inne rozrywki"},"content":{"rendered":"<p>Po raz kolejny (ju\u017c trzeci)\u00a0stacja Kuchniaplus (dawniej Kuchnia TV) zorganizowa\u0142a festiwal film\u00f3w kulinarnych, podczas kt\u00f3rego zaprezentuje publiczno\u015bci warszawskiej i pozna\u0144skiej wiele film\u00f3w o tematyce dotycz\u0105cej produkcji \u017cywno\u015bci oraz kuchni.<\/p>\n<p>Podczas festiwalu ma miejsce szereg interesuj\u0105cych spotka\u0144 i dyskusji, w kt\u00f3rych uczestnicz\u0105 tw\u00f3rcy film\u00f3w oraz s\u0142ynni kucharze. Odbywaj\u0105 si\u0119 te\u017c tzw. warsztaty, w tym bardzo atrakcyjne i ciesz\u0105ce si\u0119 powodzeniem warsztaty dla dzieci. Te ostatnie imprezy organizowane s\u0105 przez warszawskie convivium Slow Food.<\/p>\n<p>Slowfoodowe warsztaty kulinarne dla dzieci to wydarzenie podczas kt\u00f3rego dzia\u0142acze ruchu Slow Food wprowadz\u0105 dzieci w \u015bwiat smak\u00f3w, zapach\u00f3w i kulinari\u00f3w.<\/p>\n<p>B\u0119dzie to okazja do\u00a0 zabaw oraz wsp\u00f3lnego przyrz\u0105dzania smacznych i zdrowych potraw. W\u015br\u00f3d prowadz\u0105cych warsztaty dzieci\u0119ce s\u0105 mi\u0119dzy innymi: Grzegorz \u0141apanowski, Piotr Petryka, Beata Lipov, Katarzyna B\u0142a\u017cejewska a tak\u017ce my czyli Barbara i Piotr Adamczewscy.<\/p>\n<p>W czasie gdy b\u0119dziemy zajmowa\u0107 si\u0119 dzie\u0107mi wprowadzaj\u0105c je w \u015bwiat zapach\u00f3w i smak\u00f3w ich rodzice spotkaj\u0105 si\u0119 z Agnieszk\u0105 Kr\u0119glick\u0105, restauratork\u0105, aktywistk\u0105 warszawskiego oddzia\u0142u ruchu Slow Food, dziennikark\u0105 kulinarn\u0105.<\/p>\n<p>Miejsce akcji kulinarnej b\u0119dzie\u00a0&#8211; \u00a0jak i w ubieg\u0142ym roku &#8211; SKWER &#8211; filia Centrum Artystycznego Fabryka Trzciny, przy Krakowskim Przedmie\u015bciu 60A. Wszystkich ch\u0119tnych do zabawy w kuchni zapraszamy. Musz\u0105 si\u0119 jednak przygotowa\u0107 na to, \u017ce wst\u0119p do Fabryki Trzciny kosztuje 12 z\u0142. P\u0142ac\u0105 i doro\u015bli, i dzieci.<\/p>\n<p>A Festiwal zainagurowano w miniony czwartek, projekcj\u0105 filmu angielskiego &#8222;Tost, historia ch\u0142opi\u0119cego g\u0142odu&#8221;, kt\u00f3ry nakr\u0119cono wg. autobiograficznej\u00a0 ksi\u0105\u017cki Nigela Slatera &#8211; brytyjskiej kulinarnej gwiazdy . Po filmie za\u015b by\u0142o spotkanie z jego bohaterem.<\/p>\n","protected":false},"excerpt":{"rendered":"<p>Po raz kolejny (ju\u017c trzeci)\u00a0stacja Kuchniaplus (dawniej Kuchnia TV) zorganizowa\u0142a festiwal film\u00f3w kulinarnych, podczas kt\u00f3rego zaprezentuje publiczno\u015bci warszawskiej i pozna\u0144skiej wiele film\u00f3w o tematyce dotycz\u0105cej produkcji \u017cywno\u015bci oraz kuchni. Podczas festiwalu ma miejsce szereg interesuj\u0105cych spotka\u0144 i dyskusji, w kt\u00f3rych uczestnicz\u0105 tw\u00f3rcy film\u00f3w oraz s\u0142ynni kucharze. Odbywaj\u0105 si\u0119 te\u017c tzw. warsztaty, w tym bardzo atrakcyjne [&hellip;]<\/p>\n","protected":false},"author":2,"featured_media":0,"comment_status":"open","ping_status":"open","sticky":false,"template":"","format":"standard","meta":{"footnotes":""},"categories":[1],"tags":[],"_links":{"self":[{"href":"https:\/\/blog.polityka.pl\/adamczewski\/wp-json\/wp\/v2\/posts\/3231"}],"collection":[{"href":"https:\/\/blog.polityka.pl\/adamczewski\/wp-json\/wp\/v2\/posts"}],"about":[{"href":"https:\/\/blog.polityka.pl\/adamczewski\/wp-json\/wp\/v2\/types\/post"}],"author":[{"embeddable":true,"href":"https:\/\/blog.polityka.pl\/adamczewski\/wp-json\/wp\/v2\/users\/2"}],"replies":[{"embeddable":true,"href":"https:\/\/blog.polityka.pl\/adamczewski\/wp-json\/wp\/v2\/comments?post=3231"}],"version-history":[{"count":6,"href":"https:\/\/blog.polityka.pl\/adamczewski\/wp-json\/wp\/v2\/posts\/3231\/revisions"}],"predecessor-version":[{"id":3258,"href":"https:\/\/blog.polityka.pl\/adamczewski\/wp-json\/wp\/v2\/posts\/3231\/revisions\/3258"}],"wp:attachment":[{"href":"https:\/\/blog.polityka.pl\/adamczewski\/wp-json\/wp\/v2\/media?parent=3231"}],"wp:term":[{"taxonomy":"category","embeddable":true,"href":"https:\/\/blog.polityka.pl\/adamczewski\/wp-json\/wp\/v2\/categories?post=3231"},{"taxonomy":"post_tag","embeddable":true,"href":"https:\/\/blog.polityka.pl\/adamczewski\/wp-json\/wp\/v2\/tags?post=3231"}],"curies":[{"name":"wp","href":"https:\/\/api.w.org\/{rel}","templated":true}]}}