
{"id":3239,"date":"2011-10-26T08:00:11","date_gmt":"2011-10-26T06:00:11","guid":{"rendered":"http:\/\/adamczewski.blog.polityka.pl\/?p=3239"},"modified":"2011-11-30T14:18:22","modified_gmt":"2011-11-30T13:18:22","slug":"zgadnij-co-gotujemy-87","status":"publish","type":"post","link":"https:\/\/blog.polityka.pl\/adamczewski\/2011\/10\/26\/zgadnij-co-gotujemy-87\/","title":{"rendered":"Zgadnij co gotujemy?"},"content":{"rendered":"<p><a href=\"\/wp-content\/uploads\/2011\/10\/m_szwaja_zupa-z-ryby-fugu.jpg\"><img loading=\"lazy\" decoding=\"async\" class=\"aligncenter size-medium wp-image-3240\" title=\"m_szwaja_zupa z ryby fugu\" src=\"\/wp-content\/uploads\/2011\/10\/m_szwaja_zupa-z-ryby-fugu-209x300.jpg\" alt=\"\" width=\"209\" height=\"300\" srcset=\"\/adamczewski\/wp-content\/uploads\/2011\/10\/m_szwaja_zupa-z-ryby-fugu-209x300.jpg 209w, \/adamczewski\/wp-content\/uploads\/2011\/10\/m_szwaja_zupa-z-ryby-fugu.jpg 403w\" sizes=\"(max-width: 209px) 100vw, 209px\" \/><\/a><\/p>\n<p>Dzi\u015b nagrod\u0105 b\u0119dzie ksi\u0105\u017cka naszej blogowej kole\u017canki czyli Nisi. Cz\u0119\u015b\u0107 blogowicz\u00f3w zna doskonale jej tw\u00f3rczo\u015b\u0107 i ma sporo ksi\u0105\u017cek. Dzisiejsza zgadywanka wi\u0119c jest dla tych, kt\u00f3rzy maj\u0105 luki na p\u00f3\u0142ce z tymi ksi\u0105\u017ckami. &#8222;Zupa z ryby fugu&#8221; pi\u00f3ra Moniki Szwai,\u00a0 nie tylko z powodu tytu\u0142u i zwi\u0105zk\u00f3w autorki ze smakoszami, jest doskonale dobrana nagrod\u0105 do konkursu i miejsca jego publikacji.<\/p>\n<p>Warto o t\u0119 ksi\u0105\u017ck\u0119 powalczy\u0107. A oto pytania:<\/p>\n<p>1. W kt\u00f3rym miejscu ryby fugu jest truj\u0105ca substancja parali\u017cuj\u0105ca (\u015bmiertelnie) nieuwa\u017cnego \u0142asucha?<\/p>\n<p>2. Przez d\u0142ugie lata niemal w ca\u0142ej Europie zakazane by\u0142o picie absyntu &#8211; dlaczego?<\/p>\n<p>3 . Nawet kartofel mo\u017ce by\u0107 truj\u0105cy; jak si\u0119 nazywa zielona substancja ukryta po sk\u00f3rk\u0105 niedojrza\u0142ych ziemniak\u00f3w?<\/p>\n<p>Kto pierwszy przy\u015ble prawid\u0142owe odpowiedzi na adres <a href=\"mailto:internet@polityka.com.pl\">internet@polityka.com.pl<\/a> ten otrzyma ksi\u0105\u017ck\u0119 a podczas kolejnego Zjazdu \u0141asuch\u00f3w\u00a0by\u0107 mo\u017ce i autograf autorki. Powodzenia.<\/p>\n","protected":false},"excerpt":{"rendered":"<p>Dzi\u015b nagrod\u0105 b\u0119dzie ksi\u0105\u017cka naszej blogowej kole\u017canki czyli Nisi. Cz\u0119\u015b\u0107 blogowicz\u00f3w zna doskonale jej tw\u00f3rczo\u015b\u0107 i ma sporo ksi\u0105\u017cek. Dzisiejsza zgadywanka wi\u0119c jest dla tych, kt\u00f3rzy maj\u0105 luki na p\u00f3\u0142ce z tymi ksi\u0105\u017ckami. &#8222;Zupa z ryby fugu&#8221; pi\u00f3ra Moniki Szwai,\u00a0 nie tylko z powodu tytu\u0142u i zwi\u0105zk\u00f3w autorki ze smakoszami, jest doskonale dobrana nagrod\u0105 do [&hellip;]<\/p>\n","protected":false},"author":2,"featured_media":0,"comment_status":"open","ping_status":"open","sticky":false,"template":"","format":"standard","meta":{"footnotes":""},"categories":[1],"tags":[],"_links":{"self":[{"href":"https:\/\/blog.polityka.pl\/adamczewski\/wp-json\/wp\/v2\/posts\/3239"}],"collection":[{"href":"https:\/\/blog.polityka.pl\/adamczewski\/wp-json\/wp\/v2\/posts"}],"about":[{"href":"https:\/\/blog.polityka.pl\/adamczewski\/wp-json\/wp\/v2\/types\/post"}],"author":[{"embeddable":true,"href":"https:\/\/blog.polityka.pl\/adamczewski\/wp-json\/wp\/v2\/users\/2"}],"replies":[{"embeddable":true,"href":"https:\/\/blog.polityka.pl\/adamczewski\/wp-json\/wp\/v2\/comments?post=3239"}],"version-history":[{"count":4,"href":"https:\/\/blog.polityka.pl\/adamczewski\/wp-json\/wp\/v2\/posts\/3239\/revisions"}],"predecessor-version":[{"id":3519,"href":"https:\/\/blog.polityka.pl\/adamczewski\/wp-json\/wp\/v2\/posts\/3239\/revisions\/3519"}],"wp:attachment":[{"href":"https:\/\/blog.polityka.pl\/adamczewski\/wp-json\/wp\/v2\/media?parent=3239"}],"wp:term":[{"taxonomy":"category","embeddable":true,"href":"https:\/\/blog.polityka.pl\/adamczewski\/wp-json\/wp\/v2\/categories?post=3239"},{"taxonomy":"post_tag","embeddable":true,"href":"https:\/\/blog.polityka.pl\/adamczewski\/wp-json\/wp\/v2\/tags?post=3239"}],"curies":[{"name":"wp","href":"https:\/\/api.w.org\/{rel}","templated":true}]}}