
{"id":324,"date":"2007-09-05T08:00:40","date_gmt":"2007-09-05T06:00:40","guid":{"rendered":"http:\/\/adamczewski.blog.polityka.pl\/?p=324"},"modified":"2007-09-05T08:00:40","modified_gmt":"2007-09-05T06:00:40","slug":"zgadnij-co-gotujemy56","status":"publish","type":"post","link":"https:\/\/blog.polityka.pl\/adamczewski\/2007\/09\/05\/zgadnij-co-gotujemy56\/","title":{"rendered":"Zgadnij co gotujemy?(56)"},"content":{"rendered":"<p>Dawna Polska nie by\u0142a pa\u0144stwem jednonarodowym. Nawet w nazwie przez par\u0119 stuleci figurowa\u0142 pi\u0119kny zwrot Rzeczpospolita Obojga Narod\u00f3w. Ale narod\u00f3w tych by\u0142o przecie\u017c wi\u0119cej. Opr\u00f3cz Polak\u00f3w i Litwin\u00f3w \u017cyli na tych ziemiach Tatarzy, \u017bydzi, Karaimi, Rusini, Niemcy. I ka\u017cda nacja wnosi\u0142a co\u015b smakowitego na wsp\u00f3lny wielki polski st\u00f3\u0142.<\/p>\n<p>Dzi\u015b wi\u0119c pytania b\u0119d\u0105 dotyczy\u0107 potraw nie polskich ale jednak naszych. Wiele da\u0144 bowiem szybko zaadoptowali\u015bmy bez zmian lub\u00a0 zaadaptowali\u015bmy modyfikuj\u0105c mniej lub bardziej. Oto one:<\/p>\n<p>1. Co to jest latkes i z jakiej kuchni to danie?<br \/>\n2. Z jakiej kuchni pochodzi pierekaczewnik, a mo\u017ce wiesz co to takiego?<br \/>\n3. \u017buchel jadaj\u0105&#8230; i jest to&#8230;<\/p>\n<p>Kto pierwszy przy\u015ble trzy prawid\u0142owe odpowiedzi ten dostanie &#8222;Kuchni\u0119 polsk\u0105 na nowo odkryt\u0105&#8221; Barbary Adamczewskiej wydan\u0105 przez Nowy \u015awiat i opatrzon\u0105 dedykacj\u0105 i autografami autorki oraz jej towarzysza \u017cycia. Czekam wi\u0119c pod adresem internet@polityka.com.pl<\/p>\n","protected":false},"excerpt":{"rendered":"<p>Dawna Polska nie by\u0142a pa\u0144stwem jednonarodowym. Nawet w nazwie przez par\u0119 stuleci figurowa\u0142 pi\u0119kny zwrot Rzeczpospolita Obojga Narod\u00f3w. Ale narod\u00f3w tych by\u0142o przecie\u017c wi\u0119cej. Opr\u00f3cz Polak\u00f3w i Litwin\u00f3w \u017cyli na tych ziemiach Tatarzy, \u017bydzi, Karaimi, Rusini, Niemcy. I ka\u017cda nacja wnosi\u0142a co\u015b smakowitego na wsp\u00f3lny wielki polski st\u00f3\u0142. Dzi\u015b wi\u0119c pytania b\u0119d\u0105 dotyczy\u0107 potraw nie [&hellip;]<\/p>\n","protected":false},"author":2,"featured_media":0,"comment_status":"open","ping_status":"open","sticky":false,"template":"","format":"standard","meta":{"footnotes":""},"categories":[1],"tags":[],"_links":{"self":[{"href":"https:\/\/blog.polityka.pl\/adamczewski\/wp-json\/wp\/v2\/posts\/324"}],"collection":[{"href":"https:\/\/blog.polityka.pl\/adamczewski\/wp-json\/wp\/v2\/posts"}],"about":[{"href":"https:\/\/blog.polityka.pl\/adamczewski\/wp-json\/wp\/v2\/types\/post"}],"author":[{"embeddable":true,"href":"https:\/\/blog.polityka.pl\/adamczewski\/wp-json\/wp\/v2\/users\/2"}],"replies":[{"embeddable":true,"href":"https:\/\/blog.polityka.pl\/adamczewski\/wp-json\/wp\/v2\/comments?post=324"}],"version-history":[{"count":0,"href":"https:\/\/blog.polityka.pl\/adamczewski\/wp-json\/wp\/v2\/posts\/324\/revisions"}],"wp:attachment":[{"href":"https:\/\/blog.polityka.pl\/adamczewski\/wp-json\/wp\/v2\/media?parent=324"}],"wp:term":[{"taxonomy":"category","embeddable":true,"href":"https:\/\/blog.polityka.pl\/adamczewski\/wp-json\/wp\/v2\/categories?post=324"},{"taxonomy":"post_tag","embeddable":true,"href":"https:\/\/blog.polityka.pl\/adamczewski\/wp-json\/wp\/v2\/tags?post=324"}],"curies":[{"name":"wp","href":"https:\/\/api.w.org\/{rel}","templated":true}]}}